{"id":12600,"date":"2015-03-26T00:00:00","date_gmt":"2015-03-26T00:00:00","guid":{"rendered":"https:\/\/dev.intermundial.bisiestodeveloper.es\/?p=12600"},"modified":"2026-02-25T17:26:35","modified_gmt":"2026-02-25T17:26:35","slug":"donde-ir-en-semana-santa-en-espana","status":"publish","type":"post","link":"https:\/\/www.intermundial.es\/blog\/donde-ir-en-semana-santa-en-espana","title":{"rendered":"\u00bfD\u00f3nde ir en Semana Santa en Espa\u00f1a?"},"content":{"rendered":"<h2 id=\"\">\u00bfNecesitas hacer una mini-escapada estas fiestas? Te proponemos seis ideas para viajar en Semana Santa por la pen\u00ednsula espa\u00f1ola.<\/h2>\n<p id=\"\">Pocos a\u00f1os sale el sol en Semana Santa, pero este va a ser uno de ellos. Asi que, \u00a1mejor no desperdiciarlo qued\u00e1ndote en casa! Aprovecha estos d\u00edas visitando ciudades, practicando deporte o relaj\u00e1ndote. \u00bfQu\u00e9 plan te interesa m\u00e1s?<\/p>\n<h4 id=\"\"><strong id=\"\">Campamento de surf en Cantabria<\/strong><\/h4>\n<p id=\"\">En abril muchos de los clubs y escuelas de surf comienzan a encerar sus tablas para dar los primeros cursos de surf. Aprovecha estos d\u00edas para aprender un nuevo deporte mientras disfrutas del mar. No te preocupes si no tienes equipo, ellos te proporcionar\u00e1n la tabla, el neopreno y todo lo que necesites. Algunas de las playas donde puedes aprender a surfear son Santo\u00f1a, San Vicente de la Barquera y Suances.<\/p>\n<p id=\"\">Una foto publicada por Surfcamp Longbeach Salinas (@surfcamplongbeach) el 24 de Mar de 2015 a la(s) 11:49 PDT<\/p>\n<h4 id=\"\"><strong id=\"\">Visitar la ciudad de Barcelona<\/strong><\/h4>\n<p id=\"\">Otra de las opciones es visitar una ciudad, como Barcelona. Date una vuelta por el parque Joan Mir\u00f3, conoce el castillo del Montju\u00efc y visita la Ciudatella. Toma un caf\u00e9 en el Raval, prueba su gastronom\u00eda y date un ba\u00f1o en sus playas. &nbsp;\u00a1Hay tanto que ver y que hacer en Barcelona\u2026!<\/p>\n<p id=\"\">Una foto publicada por @anastasiakvinto el 25 de Mar de 2015 a la(s) 7:42 PDT<\/p>\n<h4 id=\"\"><strong id=\"\">Admirar la naturaleza en el Valle del Jerte<\/strong><\/h4>\n<p id=\"\">Tras una temporada de frio y nieve, comienza en el Valle del Jerte una explosi\u00f3n de flores de los m\u00e1s de mill\u00f3n &nbsp;medio de cerezos. Un espect\u00e1culo donde el paisaje se cubre de blanco a principios de la primavera. Para disfrutar de los cerezos en flor os recomendamos dos rutas en coche: una de ellas es circular y recorre Valdastillas, Piornal, Barrado, Cabrero, Casas del Casta\u00f1ar, El Torno y Rebollar, mientras que la otra ruta es lineal y paralela al r\u00edo Jerte por la N-110 y pasa por Navaconcejo, Cabezuela del Valle, Jerte, Tornavacas y Puerto de Tornavacas.<\/p>\n<p id=\"\">Una foto publicada por Viajes.com (@viajescom_es) el 21 de Mar de 2015 a la(s) 7:24 PDT<\/p>\n<h4 id=\"\"><strong id=\"\">Rel\u00e1jate en La Rioja<\/strong><\/h4>\n<p id=\"\">\u00bfUn invierno duro? \u00bfQu\u00e9 mejor que descansar y relajarte en un balneario durante Semana Santa? En La Rioja se encuentra una gran cantidad de oferta de spas donde acudir a relajar el cuerpo y calmar la mente. Adem\u00e1s, tambi\u00e9n puedes disfrutar de la gastronom\u00eda y la bebida de la regi\u00f3n. \u00a1Nada mejor para pasar unos d\u00edas de relax!<\/p>\n<p id=\"\">Una foto publicada por Naturaleza riojana (@naturaleza_riojana) el 24 de Mar de 2015 a la(s) 6:11 PDT<\/p>\n<h4 id=\"\"><strong id=\"\">Toma el sol en Valencia<\/strong><\/h4>\n<p id=\"\">\u00bfSab\u00edas que el pron\u00f3stico para esta Semana Santa es de sol y temperaturas c\u00e1lidas en el mediterr\u00e1neo? &nbsp;Prepara la toalla y la crema de sol para pasar una semana en la playa. Y es que con el bueno tiempo nada apetece m\u00e1s como pasear por la playa y tumbarnos al sol para quitar las ganas de verano que vienen por estas fechas.<\/p>\n<p id=\"\">Una foto publicada por My PlanIN (@my_planin) el 6 de Jun de 2014 a la(s) 10:25 PDT<\/p>\n<h4 id=\"\"><strong id=\"\">Esqu\u00eda en los Pirineos<\/strong><\/h4>\n<p id=\"\">\u00a1Qu\u00e9 por nieve no sea! Este a\u00f1o las estaciones de esqu\u00ed espa\u00f1olas alcanzan Semana Santa con un espesor de nieve muy, muy apetecible. No lo dudes, aprovecha el buen tiempo y la cantidad de nieve que hay en los Pirineos para practicar tus giros y saltos.<\/p>\n<p id=\"\">Una foto publicada por Diana Sanz (@sanzdiana) el 22 de Mar de 2015 a la(s) 6:37 PDT<\/p>\n<p id=\"\">Fuente: <a href=\"https:\/\/www.intermundial.es\/seguros-de-viaje\" target=\"_blank\" id=\"\">InterMundial Seguros de Viaje<\/a>\/ <a href=\"https:\/\/instagram.com\/\" target=\"_blank\" id=\"\">Instagram<\/a><\/p>\n<figure id=\"\" class=\"w-richtext-figure-type-image w-richtext-align-center\" data-rt-type=\"image\" data-rt-align=\"center\">\n<div id=\"\"><img decoding=\"async\" src=\"https:\/\/dev.intermundial.bisiestodeveloper.es\/wp-content\/uploads\/2026\/02\/6703a472ba8103794242a686_66fdc2e1c1c5af25bb70fb7d_requisitos-de-viaje-blog.png\" alt=\"Mapa de requisitos para viajar Intermundial\" width=\"auto\" height=\"auto\" loading=\"auto\" id=\"\"><\/div>\n<\/figure>\n<p id=\"\"> Mapa de requisitos para viajar Intermundia<\/p>\n","protected":false},"excerpt":{"rendered":"<p>\u00bfNecesitas hacer una mini-escapada estas fiestas? Te proponemos seis ideas para viajar en Semana Santa por la pen\u00ednsula espa\u00f1ola. Pocos a\u00f1os sale el sol en Semana Santa, pero este va a ser uno de ellos. Asi que, \u00a1mejor no desperdiciarlo qued\u00e1ndote en casa! Aprovecha estos d\u00edas visitando ciudades, practicando deporte o relaj\u00e1ndote. \u00bfQu\u00e9 plan te [&hellip;]<\/p>\n","protected":false},"author":2,"featured_media":12602,"comment_status":"open","ping_status":"open","sticky":false,"template":"","format":"standard","meta":{"_acf_changed":false,"im_post_views":99,"im_post_updated_override":"Tue Jun 11 2024 00:00:00 GMT+0000 (Coordinated Universal Time)","footnotes":""},"categories":[29],"tags":[],"class_list":["post-12600","post","type-post","status-publish","format-standard","has-post-thumbnail","hentry","category-destinos"],"acf":[],"yoast_head":"<!-- This site is optimized with the Yoast SEO plugin v28.2 - https:\/\/yoast.com\/product\/yoast-seo-wordpress\/ -->\n<title>\u00bfD\u00f3nde ir en Semana Santa en Espa\u00f1a?<\/title>\n<meta name=\"description\" content=\"\u00bfNecesitas hacer una mini-escapada estas fiestas? Te proponemos seis ideas para viajar en Semana Santa por la pen\u00ednsula espa\u00f1ola.\" \/>\n<meta name=\"robots\" content=\"index, follow, max-snippet:-1, max-image-preview:large, max-video-preview:-1\" \/>\n<link rel=\"canonical\" href=\"https:\/\/www.intermundial.es\/blog\/donde-ir-en-semana-santa-en-espana\" \/>\n<meta property=\"og:locale\" content=\"es_ES\" \/>\n<meta property=\"og:type\" content=\"article\" \/>\n<meta property=\"og:title\" content=\"\u00bfD\u00f3nde ir en Semana Santa en Espa\u00f1a?\" \/>\n<meta property=\"og:description\" content=\"\u00bfNecesitas hacer una mini-escapada estas fiestas? Te proponemos seis ideas para viajar en Semana Santa por la pen\u00ednsula espa\u00f1ola.\" \/>\n<meta property=\"og:url\" content=\"https:\/\/www.intermundial.es\/blog\/donde-ir-en-semana-santa-en-espana\" \/>\n<meta property=\"og:site_name\" content=\"Intr\u00e9pidos\" \/>\n<meta property=\"article:published_time\" content=\"2015-03-26T00:00:00+00:00\" \/>\n<meta property=\"article:modified_time\" content=\"2026-02-25T17:26:35+00:00\" \/>\n<meta property=\"og:image\" content=\"https:\/\/www.intermundial.es\/blog\/wp-content\/uploads\/2026\/02\/66fdc30710ab3fe77430b1af_valle-del-jerte.jpeg\" \/>\n\t<meta property=\"og:image:width\" content=\"1080\" \/>\n\t<meta property=\"og:image:height\" content=\"658\" \/>\n\t<meta property=\"og:image:type\" content=\"image\/jpeg\" \/>\n<meta name=\"author\" content=\"David\" \/>\n<meta name=\"twitter:card\" content=\"summary_large_image\" \/>\n<meta name=\"twitter:label1\" content=\"Escrito por\" \/>\n\t<meta name=\"twitter:data1\" content=\"David\" \/>\n\t<meta name=\"twitter:label2\" content=\"Tiempo de lectura\" \/>\n\t<meta name=\"twitter:data2\" content=\"4 minutos\" \/>\n<script type=\"application\/ld+json\" class=\"yoast-schema-graph\">{\"@context\":\"https:\\\/\\\/schema.org\",\"@graph\":[{\"@type\":\"Article\",\"@id\":\"https:\\\/\\\/www.intermundial.es\\\/blog\\\/donde-ir-en-semana-santa-en-espana#article\",\"isPartOf\":{\"@id\":\"https:\\\/\\\/www.intermundial.es\\\/blog\\\/donde-ir-en-semana-santa-en-espana\"},\"author\":{\"name\":\"David\",\"@id\":\"https:\\\/\\\/www.intermundial.es\\\/blog\\\/#\\\/schema\\\/person\\\/59db84faa0f034591aed19c1a14a6f80\"},\"headline\":\"\u00bfD\u00f3nde ir en Semana Santa en Espa\u00f1a?\",\"datePublished\":\"2015-03-26T00:00:00+00:00\",\"dateModified\":\"2026-02-25T17:26:35+00:00\",\"mainEntityOfPage\":{\"@id\":\"https:\\\/\\\/www.intermundial.es\\\/blog\\\/donde-ir-en-semana-santa-en-espana\"},\"wordCount\":624,\"commentCount\":0,\"publisher\":{\"@id\":\"https:\\\/\\\/www.intermundial.es\\\/blog\\\/#organization\"},\"image\":{\"@id\":\"https:\\\/\\\/www.intermundial.es\\\/blog\\\/donde-ir-en-semana-santa-en-espana#primaryimage\"},\"thumbnailUrl\":\"https:\\\/\\\/www.intermundial.es\\\/blog\\\/wp-content\\\/uploads\\\/2026\\\/02\\\/66fdc30710ab3fe77430b1af_valle-del-jerte.jpeg\",\"articleSection\":[\"Destinos\"],\"inLanguage\":\"es\",\"potentialAction\":[{\"@type\":\"CommentAction\",\"name\":\"Comment\",\"target\":[\"https:\\\/\\\/www.intermundial.es\\\/blog\\\/donde-ir-en-semana-santa-en-espana#respond\"]}]},{\"@type\":\"WebPage\",\"@id\":\"https:\\\/\\\/www.intermundial.es\\\/blog\\\/donde-ir-en-semana-santa-en-espana\",\"url\":\"https:\\\/\\\/www.intermundial.es\\\/blog\\\/donde-ir-en-semana-santa-en-espana\",\"name\":\"\u00bfD\u00f3nde ir en Semana Santa en Espa\u00f1a?\",\"isPartOf\":{\"@id\":\"https:\\\/\\\/www.intermundial.es\\\/blog\\\/#website\"},\"primaryImageOfPage\":{\"@id\":\"https:\\\/\\\/www.intermundial.es\\\/blog\\\/donde-ir-en-semana-santa-en-espana#primaryimage\"},\"image\":{\"@id\":\"https:\\\/\\\/www.intermundial.es\\\/blog\\\/donde-ir-en-semana-santa-en-espana#primaryimage\"},\"thumbnailUrl\":\"https:\\\/\\\/www.intermundial.es\\\/blog\\\/wp-content\\\/uploads\\\/2026\\\/02\\\/66fdc30710ab3fe77430b1af_valle-del-jerte.jpeg\",\"datePublished\":\"2015-03-26T00:00:00+00:00\",\"dateModified\":\"2026-02-25T17:26:35+00:00\",\"description\":\"\u00bfNecesitas hacer una mini-escapada estas fiestas? Te proponemos seis ideas para viajar en Semana Santa por la pen\u00ednsula espa\u00f1ola.\",\"breadcrumb\":{\"@id\":\"https:\\\/\\\/www.intermundial.es\\\/blog\\\/donde-ir-en-semana-santa-en-espana#breadcrumb\"},\"inLanguage\":\"es\",\"potentialAction\":[{\"@type\":\"ReadAction\",\"target\":[\"https:\\\/\\\/www.intermundial.es\\\/blog\\\/donde-ir-en-semana-santa-en-espana\"]}]},{\"@type\":\"ImageObject\",\"inLanguage\":\"es\",\"@id\":\"https:\\\/\\\/www.intermundial.es\\\/blog\\\/donde-ir-en-semana-santa-en-espana#primaryimage\",\"url\":\"https:\\\/\\\/www.intermundial.es\\\/blog\\\/wp-content\\\/uploads\\\/2026\\\/02\\\/66fdc30710ab3fe77430b1af_valle-del-jerte.jpeg\",\"contentUrl\":\"https:\\\/\\\/www.intermundial.es\\\/blog\\\/wp-content\\\/uploads\\\/2026\\\/02\\\/66fdc30710ab3fe77430b1af_valle-del-jerte.jpeg\",\"width\":1080,\"height\":658},{\"@type\":\"BreadcrumbList\",\"@id\":\"https:\\\/\\\/www.intermundial.es\\\/blog\\\/donde-ir-en-semana-santa-en-espana#breadcrumb\",\"itemListElement\":[{\"@type\":\"ListItem\",\"position\":1,\"name\":\"Portada\",\"item\":\"https:\\\/\\\/www.intermundial.es\\\/blog\\\/\"},{\"@type\":\"ListItem\",\"position\":2,\"name\":\"\u00bfD\u00f3nde ir en Semana Santa en Espa\u00f1a?\"}]},{\"@type\":\"WebSite\",\"@id\":\"https:\\\/\\\/www.intermundial.es\\\/blog\\\/#website\",\"url\":\"https:\\\/\\\/www.intermundial.es\\\/blog\\\/\",\"name\":\"Intr\u00e9pidos\",\"description\":\"El blog de viajes de Intermundial\",\"publisher\":{\"@id\":\"https:\\\/\\\/www.intermundial.es\\\/blog\\\/#organization\"},\"potentialAction\":[{\"@type\":\"SearchAction\",\"target\":{\"@type\":\"EntryPoint\",\"urlTemplate\":\"https:\\\/\\\/www.intermundial.es\\\/blog\\\/?s={search_term_string}\"},\"query-input\":{\"@type\":\"PropertyValueSpecification\",\"valueRequired\":true,\"valueName\":\"search_term_string\"}}],\"inLanguage\":\"es\"},{\"@type\":\"Organization\",\"@id\":\"https:\\\/\\\/www.intermundial.es\\\/blog\\\/#organization\",\"name\":\"Intr\u00e9pidos\",\"url\":\"https:\\\/\\\/www.intermundial.es\\\/blog\\\/\",\"logo\":{\"@type\":\"ImageObject\",\"inLanguage\":\"es\",\"@id\":\"https:\\\/\\\/www.intermundial.es\\\/blog\\\/#\\\/schema\\\/logo\\\/image\\\/\",\"url\":\"https:\\\/\\\/www.intermundial.es\\\/blog\\\/wp-content\\\/uploads\\\/2026\\\/01\\\/logo-blog-intrepidos-intermundial-es-pt.webp\",\"contentUrl\":\"https:\\\/\\\/www.intermundial.es\\\/blog\\\/wp-content\\\/uploads\\\/2026\\\/01\\\/logo-blog-intrepidos-intermundial-es-pt.webp\",\"width\":500,\"height\":96,\"caption\":\"Intr\u00e9pidos\"},\"image\":{\"@id\":\"https:\\\/\\\/www.intermundial.es\\\/blog\\\/#\\\/schema\\\/logo\\\/image\\\/\"}},{\"@type\":\"Person\",\"@id\":\"https:\\\/\\\/www.intermundial.es\\\/blog\\\/#\\\/schema\\\/person\\\/59db84faa0f034591aed19c1a14a6f80\",\"name\":\"David\",\"image\":{\"@type\":\"ImageObject\",\"inLanguage\":\"es\",\"@id\":\"https:\\\/\\\/secure.gravatar.com\\\/avatar\\\/d274778f93a168a9a70d13677eb1f46ee4628a6f74f4fe4ef5f5fcb7024f3564?s=96&d=https%3A%2F%2Fwww.intermundial.es%2Fblog%2Fwp-content%2Fthemes%2Fintermundial%2Fassets%2Fimg%2Fcropped-favicon-intermundial-1024x.png&r=g\",\"url\":\"https:\\\/\\\/secure.gravatar.com\\\/avatar\\\/d274778f93a168a9a70d13677eb1f46ee4628a6f74f4fe4ef5f5fcb7024f3564?s=96&d=https%3A%2F%2Fwww.intermundial.es%2Fblog%2Fwp-content%2Fthemes%2Fintermundial%2Fassets%2Fimg%2Fcropped-favicon-intermundial-1024x.png&r=g\",\"contentUrl\":\"https:\\\/\\\/secure.gravatar.com\\\/avatar\\\/d274778f93a168a9a70d13677eb1f46ee4628a6f74f4fe4ef5f5fcb7024f3564?s=96&d=https%3A%2F%2Fwww.intermundial.es%2Fblog%2Fwp-content%2Fthemes%2Fintermundial%2Fassets%2Fimg%2Fcropped-favicon-intermundial-1024x.png&r=g\",\"caption\":\"David\"},\"description\":\"En Intermundial, entendemos que viajar es mucho m\u00e1s que llegar a un destino: es vivir experiencias \u00fanicas y memorables. Por eso, desde nuestro blog compartimos inspiraci\u00f3n y consejos \u00fatiles para ayudarte a planificar tus viajes y disfrutar de ellos con total tranquilidad. Expertos en seguros de viaje desde hace 30 a\u00f1os, te ofrecemos informaci\u00f3n sobre planificaci\u00f3n, documentaci\u00f3n, cuestiones sanitarias y todo lo que necesitas saber sobre tu destino. Nuestra misi\u00f3n es protegerte antes, durante y despu\u00e9s del viaje, para que tus aventuras sean siempre seguras y sin preocupaciones.\",\"url\":\"https:\\\/\\\/www.intermundial.es\\\/blog\\\/autor\\\/david\"}]}<\/script>\n<!-- \/ Yoast SEO plugin. -->","yoast_head_json":{"title":"\u00bfD\u00f3nde ir en Semana Santa en Espa\u00f1a?","description":"\u00bfNecesitas hacer una mini-escapada estas fiestas? Te proponemos seis ideas para viajar en Semana Santa por la pen\u00ednsula espa\u00f1ola.","robots":{"index":"index","follow":"follow","max-snippet":"max-snippet:-1","max-image-preview":"max-image-preview:large","max-video-preview":"max-video-preview:-1"},"canonical":"https:\/\/www.intermundial.es\/blog\/donde-ir-en-semana-santa-en-espana","og_locale":"es_ES","og_type":"article","og_title":"\u00bfD\u00f3nde ir en Semana Santa en Espa\u00f1a?","og_description":"\u00bfNecesitas hacer una mini-escapada estas fiestas? Te proponemos seis ideas para viajar en Semana Santa por la pen\u00ednsula espa\u00f1ola.","og_url":"https:\/\/www.intermundial.es\/blog\/donde-ir-en-semana-santa-en-espana","og_site_name":"Intr\u00e9pidos","article_published_time":"2015-03-26T00:00:00+00:00","article_modified_time":"2026-02-25T17:26:35+00:00","og_image":[{"width":1080,"height":658,"url":"https:\/\/www.intermundial.es\/blog\/wp-content\/uploads\/2026\/02\/66fdc30710ab3fe77430b1af_valle-del-jerte.jpeg","type":"image\/jpeg"}],"author":"David","twitter_card":"summary_large_image","twitter_misc":{"Escrito por":"David","Tiempo de lectura":"4 minutos"},"schema":{"@context":"https:\/\/schema.org","@graph":[{"@type":"Article","@id":"https:\/\/www.intermundial.es\/blog\/donde-ir-en-semana-santa-en-espana#article","isPartOf":{"@id":"https:\/\/www.intermundial.es\/blog\/donde-ir-en-semana-santa-en-espana"},"author":{"name":"David","@id":"https:\/\/www.intermundial.es\/blog\/#\/schema\/person\/59db84faa0f034591aed19c1a14a6f80"},"headline":"\u00bfD\u00f3nde ir en Semana Santa en Espa\u00f1a?","datePublished":"2015-03-26T00:00:00+00:00","dateModified":"2026-02-25T17:26:35+00:00","mainEntityOfPage":{"@id":"https:\/\/www.intermundial.es\/blog\/donde-ir-en-semana-santa-en-espana"},"wordCount":624,"commentCount":0,"publisher":{"@id":"https:\/\/www.intermundial.es\/blog\/#organization"},"image":{"@id":"https:\/\/www.intermundial.es\/blog\/donde-ir-en-semana-santa-en-espana#primaryimage"},"thumbnailUrl":"https:\/\/www.intermundial.es\/blog\/wp-content\/uploads\/2026\/02\/66fdc30710ab3fe77430b1af_valle-del-jerte.jpeg","articleSection":["Destinos"],"inLanguage":"es","potentialAction":[{"@type":"CommentAction","name":"Comment","target":["https:\/\/www.intermundial.es\/blog\/donde-ir-en-semana-santa-en-espana#respond"]}]},{"@type":"WebPage","@id":"https:\/\/www.intermundial.es\/blog\/donde-ir-en-semana-santa-en-espana","url":"https:\/\/www.intermundial.es\/blog\/donde-ir-en-semana-santa-en-espana","name":"\u00bfD\u00f3nde ir en Semana Santa en Espa\u00f1a?","isPartOf":{"@id":"https:\/\/www.intermundial.es\/blog\/#website"},"primaryImageOfPage":{"@id":"https:\/\/www.intermundial.es\/blog\/donde-ir-en-semana-santa-en-espana#primaryimage"},"image":{"@id":"https:\/\/www.intermundial.es\/blog\/donde-ir-en-semana-santa-en-espana#primaryimage"},"thumbnailUrl":"https:\/\/www.intermundial.es\/blog\/wp-content\/uploads\/2026\/02\/66fdc30710ab3fe77430b1af_valle-del-jerte.jpeg","datePublished":"2015-03-26T00:00:00+00:00","dateModified":"2026-02-25T17:26:35+00:00","description":"\u00bfNecesitas hacer una mini-escapada estas fiestas? Te proponemos seis ideas para viajar en Semana Santa por la pen\u00ednsula espa\u00f1ola.","breadcrumb":{"@id":"https:\/\/www.intermundial.es\/blog\/donde-ir-en-semana-santa-en-espana#breadcrumb"},"inLanguage":"es","potentialAction":[{"@type":"ReadAction","target":["https:\/\/www.intermundial.es\/blog\/donde-ir-en-semana-santa-en-espana"]}]},{"@type":"ImageObject","inLanguage":"es","@id":"https:\/\/www.intermundial.es\/blog\/donde-ir-en-semana-santa-en-espana#primaryimage","url":"https:\/\/www.intermundial.es\/blog\/wp-content\/uploads\/2026\/02\/66fdc30710ab3fe77430b1af_valle-del-jerte.jpeg","contentUrl":"https:\/\/www.intermundial.es\/blog\/wp-content\/uploads\/2026\/02\/66fdc30710ab3fe77430b1af_valle-del-jerte.jpeg","width":1080,"height":658},{"@type":"BreadcrumbList","@id":"https:\/\/www.intermundial.es\/blog\/donde-ir-en-semana-santa-en-espana#breadcrumb","itemListElement":[{"@type":"ListItem","position":1,"name":"Portada","item":"https:\/\/www.intermundial.es\/blog\/"},{"@type":"ListItem","position":2,"name":"\u00bfD\u00f3nde ir en Semana Santa en Espa\u00f1a?"}]},{"@type":"WebSite","@id":"https:\/\/www.intermundial.es\/blog\/#website","url":"https:\/\/www.intermundial.es\/blog\/","name":"Intr\u00e9pidos","description":"El blog de viajes de Intermundial","publisher":{"@id":"https:\/\/www.intermundial.es\/blog\/#organization"},"potentialAction":[{"@type":"SearchAction","target":{"@type":"EntryPoint","urlTemplate":"https:\/\/www.intermundial.es\/blog\/?s={search_term_string}"},"query-input":{"@type":"PropertyValueSpecification","valueRequired":true,"valueName":"search_term_string"}}],"inLanguage":"es"},{"@type":"Organization","@id":"https:\/\/www.intermundial.es\/blog\/#organization","name":"Intr\u00e9pidos","url":"https:\/\/www.intermundial.es\/blog\/","logo":{"@type":"ImageObject","inLanguage":"es","@id":"https:\/\/www.intermundial.es\/blog\/#\/schema\/logo\/image\/","url":"https:\/\/www.intermundial.es\/blog\/wp-content\/uploads\/2026\/01\/logo-blog-intrepidos-intermundial-es-pt.webp","contentUrl":"https:\/\/www.intermundial.es\/blog\/wp-content\/uploads\/2026\/01\/logo-blog-intrepidos-intermundial-es-pt.webp","width":500,"height":96,"caption":"Intr\u00e9pidos"},"image":{"@id":"https:\/\/www.intermundial.es\/blog\/#\/schema\/logo\/image\/"}},{"@type":"Person","@id":"https:\/\/www.intermundial.es\/blog\/#\/schema\/person\/59db84faa0f034591aed19c1a14a6f80","name":"David","image":{"@type":"ImageObject","inLanguage":"es","@id":"https:\/\/secure.gravatar.com\/avatar\/d274778f93a168a9a70d13677eb1f46ee4628a6f74f4fe4ef5f5fcb7024f3564?s=96&d=https%3A%2F%2Fwww.intermundial.es%2Fblog%2Fwp-content%2Fthemes%2Fintermundial%2Fassets%2Fimg%2Fcropped-favicon-intermundial-1024x.png&r=g","url":"https:\/\/secure.gravatar.com\/avatar\/d274778f93a168a9a70d13677eb1f46ee4628a6f74f4fe4ef5f5fcb7024f3564?s=96&d=https%3A%2F%2Fwww.intermundial.es%2Fblog%2Fwp-content%2Fthemes%2Fintermundial%2Fassets%2Fimg%2Fcropped-favicon-intermundial-1024x.png&r=g","contentUrl":"https:\/\/secure.gravatar.com\/avatar\/d274778f93a168a9a70d13677eb1f46ee4628a6f74f4fe4ef5f5fcb7024f3564?s=96&d=https%3A%2F%2Fwww.intermundial.es%2Fblog%2Fwp-content%2Fthemes%2Fintermundial%2Fassets%2Fimg%2Fcropped-favicon-intermundial-1024x.png&r=g","caption":"David"},"description":"En Intermundial, entendemos que viajar es mucho m\u00e1s que llegar a un destino: es vivir experiencias \u00fanicas y memorables. Por eso, desde nuestro blog compartimos inspiraci\u00f3n y consejos \u00fatiles para ayudarte a planificar tus viajes y disfrutar de ellos con total tranquilidad. Expertos en seguros de viaje desde hace 30 a\u00f1os, te ofrecemos informaci\u00f3n sobre planificaci\u00f3n, documentaci\u00f3n, cuestiones sanitarias y todo lo que necesitas saber sobre tu destino. Nuestra misi\u00f3n es protegerte antes, durante y despu\u00e9s del viaje, para que tus aventuras sean siempre seguras y sin preocupaciones.","url":"https:\/\/www.intermundial.es\/blog\/autor\/david"}]}},"_links":{"self":[{"href":"https:\/\/www.intermundial.es\/blog\/wp-json\/wp\/v2\/posts\/12600","targetHints":{"allow":["GET"]}}],"collection":[{"href":"https:\/\/www.intermundial.es\/blog\/wp-json\/wp\/v2\/posts"}],"about":[{"href":"https:\/\/www.intermundial.es\/blog\/wp-json\/wp\/v2\/types\/post"}],"author":[{"embeddable":true,"href":"https:\/\/www.intermundial.es\/blog\/wp-json\/wp\/v2\/users\/2"}],"replies":[{"embeddable":true,"href":"https:\/\/www.intermundial.es\/blog\/wp-json\/wp\/v2\/comments?post=12600"}],"version-history":[{"count":5,"href":"https:\/\/www.intermundial.es\/blog\/wp-json\/wp\/v2\/posts\/12600\/revisions"}],"predecessor-version":[{"id":15885,"href":"https:\/\/www.intermundial.es\/blog\/wp-json\/wp\/v2\/posts\/12600\/revisions\/15885"}],"wp:featuredmedia":[{"embeddable":true,"href":"https:\/\/www.intermundial.es\/blog\/wp-json\/wp\/v2\/media\/12602"}],"wp:attachment":[{"href":"https:\/\/www.intermundial.es\/blog\/wp-json\/wp\/v2\/media?parent=12600"}],"wp:term":[{"taxonomy":"category","embeddable":true,"href":"https:\/\/www.intermundial.es\/blog\/wp-json\/wp\/v2\/categories?post=12600"},{"taxonomy":"post_tag","embeddable":true,"href":"https:\/\/www.intermundial.es\/blog\/wp-json\/wp\/v2\/tags?post=12600"}],"curies":[{"name":"wp","href":"https:\/\/api.w.org\/{rel}","templated":true}]}}