{"id":12271,"date":"2021-01-08T00:00:00","date_gmt":"2021-01-08T00:00:00","guid":{"rendered":"https:\/\/dev.intermundial.bisiestodeveloper.es\/cancelacion-de-vuelo-por-causas-meteorologicas-es-posible-reclamar\/"},"modified":"2024-06-11T00:00:00","modified_gmt":"2024-06-11T00:00:00","slug":"cancelacion-de-vuelo-por-causas-meteorologicas-es-posible-reclamar","status":"publish","type":"post","link":"https:\/\/www.intermundial.es\/blog\/cancelacion-de-vuelo-por-causas-meteorologicas-es-posible-reclamar","title":{"rendered":"Vuelo cancelado por mal tiempo: \u00bfes posible reclamar?"},"content":{"rendered":"\n<p class=\"wp-block-paragraph\">Viajero precavido vale por dos. Eso significa que antes de emprender nuestro viaje hemos controlado que nuestras reservas y documentos est\u00e1n al d\u00eda, que nos hemos informado sobre el destino, que tenemos todo lo necesario en nuestro equipaje y que previamente habremos adquirido un <a href=\"https:\/\/www.intermundial.es\/seguros-de-viaje\/seguro-totaltravel\" id=\"\"><strong id=\"\">seguro de viaje<\/strong><\/a> o un <a href=\"https:\/\/www.intermundial.es\/seguros-de-viaje\/seguro-go-cancellation\" id=\"\">seguro de cancelaci\u00f3n<\/a>. Pero hay situaciones que escapan a nuestro control y acaban provocando un giro inesperado en nuestro plan de viaje. Tal es el caso de las <strong id=\"\">tormentas de lluvia o nieve como la Borrasca Filomena, niebla intensa o fuertes vientos<\/strong>. No es poco com\u00fan que se produzcan <strong id=\"\">retrasos o cancelaciones de vuelo por causas meteorol\u00f3gicas<\/strong>, y esto conlleva gastos adicionales en el aeropuerto o, si la situaci\u00f3n se prolonga, en transporte y alojamiento. <strong id=\"\">\u00bfC\u00f3mo reclamar un vuelo cancelado por mal tiempo para recibir indemnizaci\u00f3n y recuperar este dinero?<\/strong><\/p>\n\n\n\n<p class=\"wp-block-paragraph\"><a href=\"https:\/\/www.intermundial.es\/seguros-de-viaje\/seguro-totaltravel\" id=\"\">SEGURO DE CANCELACI\u00d3N DE VUELO<\/a><\/p>\n\n\n\n<h2 class=\"wp-block-heading\"><strong id=\"\">Vuelo cancelado por mal tiempo, \u00bftengo derecho a compensaci\u00f3n?<\/strong><\/h2>\n\n\n\n<p class=\"wp-block-paragraph\">Un <strong id=\"\">vuelo cancelado por causas meteorol\u00f3gicas<\/strong> o de otro tipo siempre provoca situaciones desagradables. Ya no es s\u00f3lo la frustraci\u00f3n de ver c\u00f3mo nuestros planes se truncan, sino que tambi\u00e9n debemos correr con gastos con los que no cont\u00e1bamos debido a la prolongaci\u00f3n de la estancia en el aeropuerto o a causa de la p\u00e9rdida de ciertas reservas que no podremos disfrutar por no poder continuar nuestro viaje, como otros vuelos o transportes, noches de hotel o excursiones. Por ello, es muy importante conocer <a href=\"https:\/\/www.intermundial.es\/blog\/tus-derechos-cuando-viajas-en-avion-denegacion-de-embarque-cancelacion-y-gran-retraso\/\" id=\"\"><strong id=\"\">nuestros derechos como pasajeros<\/strong><\/a>. Sabremos qu\u00e9 responsabilidades tiene la aerol\u00ednea y c\u00f3mo reclamar el vuelo el vuelo cancelado con el fin de recibir indemnizaci\u00f3n y minimizar los inconvenientes provocados por esa cancelaci\u00f3n de vuelo por causas meteorol\u00f3gicas. Los derechos de los pasajeros a\u00e9reos est\u00e1n recogidos en el <strong id=\"\">Reglamento Europeo 261\/2004<\/strong>, que incluye las <strong id=\"\">normas sobre compensaci\u00f3n y asistencia a los pasajeros a\u00e9reos<\/strong> que salen de aeropuertos situados en el territorio de un Estado miembro y a todos aquellos que llegan a dichos aeropuertos desde un tercer pa\u00eds cuando el vuelo es operado por una compa\u00f1\u00eda de la UE. En cuanto a las inclemencias meteorol\u00f3gicas que puedan afectar a un vuelo, el Reglamento (CE) 261\/2004 contempla una serie de <strong id=\"\">circunstancias extraordinarias<\/strong> \u201c<strong id=\"\">que no hubieran podido evitarse incluso si se hubieran tomado todas las medidas razonables<\/strong>\u201d. Por este motivo, la <strong id=\"\">responsabilidad del vuelo cancelado por mal tiempo no puede imputarse a la compa\u00f1\u00eda a\u00e9rea<\/strong>. Sin embargo,<strong id=\"\"> esto no quiere decir que no tengamos derecho a recibir cierta compensaci\u00f3n<\/strong> ante la cancelaci\u00f3n del vuelo por mal tiempo u otras circunstancias extraordinarias.<\/p>\n\n\n\n<h2 class=\"wp-block-heading\"><strong id=\"\">\u00bfCu\u00e1les son las circunstancias extraordinarias que pueden causar el retraso o la cancelaci\u00f3n de un vuelo? <\/strong><\/h2>\n\n\n\n<p class=\"wp-block-paragraph\">Seg\u00fan el Reglamento (CE) 261\/2004, por \u201ccircunstancias extraordinarias\u201d se entienden:<\/p>\n\n\n\n<ul class=\"wp-block-list\">\n<li><strong id=\"\">Causas meteorol\u00f3gicas<\/strong> como las tormentas con lluvia o nieve, niebla intensa o fuertes vientos de modo que el vuelo no puede operar con la suficiente seguridad y visibilidad.<\/li>\n\n\n\n<li><strong id=\"\">Erupci\u00f3n volc\u00e1nica y nube de cenizas<\/strong>, las cuales pueden afectar al correcto funcionamiento del motor del avi\u00f3n o a la visibilidad.<\/li>\n\n\n\n<li>Las <strong id=\"\">huelgas de controladores a\u00e9reos<\/strong> o <strong id=\"\">huelgas generales no est\u00e1n sujetas a indemnizaci\u00f3n<\/strong>, ni tampoco los sabotajes. Sin embargo, en el caso de las huelgas del personal de la aerol\u00ednea, las de la tripulaci\u00f3n, no suelen ser motivo para dejar de compensar a los pasajeros. Tampoco si el personal ha sido contratado directamente por la aerol\u00ednea para prestar, por ejemplo, servicios de asistencia en tierra a aeronaves.<\/li>\n\n\n\n<li>Tambi\u00e9n se consideran circunstancias extraordinarias o fuerza mayor los <strong id=\"\">problemas de seguridad internacional<\/strong>, como atentados terroristas, que pueden bloquear el espacio a\u00e9reo durante d\u00edas. <\/li>\n\n\n\n<li><strong id=\"\">Problemas en los aeropuertos<\/strong>, como fallos inform\u00e1ticos en las torres de control, cierre de pistas, etc.<\/li>\n\n\n\n<li><strong id=\"\">Emergencias sanitarias en un avi\u00f3n<\/strong>. Es decir, un pasajero o tripulante se siente indispuesto durante el embarque o vuelo.<\/li>\n\n\n\n<li>Da\u00f1os repentinos o intencionados en el avi\u00f3n, como <strong id=\"\">el impacto de un ave<\/strong>.<\/li>\n<\/ul>\n\n\n\n<figure class=\"wp-block-image w-richtext-figure-type-image w-richtext-align-center\"><img decoding=\"async\" src=\"https:\/\/dev.intermundial.bisiestodeveloper.es\/wp-content\/uploads\/2026\/02\/66fdca3a7d103443794f6d5e_vuelos-cancelados-por-mal-tiempo.jpeg\" alt=\"\u00bfC\u00f3mo obtener indemnizaci\u00f3n por cancelaci\u00f3n de vuelo por causas meteorol\u00f3gicas?\"\/><\/figure>\n\n\n\n<h2 class=\"wp-block-heading\"><strong id=\"\">\u00bfA qu\u00e9 tipo de indemnizaci\u00f3n por cancelaci\u00f3n de vuelo por mal tiempo tenemos derecho?<\/strong><\/h2>\n\n\n\n<p class=\"wp-block-paragraph\">Atendiendo al Reglamento (CE) 261\/2004, <strong id=\"\">los pasajeros no tienen derecho a obtener indemnizaci\u00f3n econ\u00f3mica<\/strong> por considerarse el mal tiempo una de las circunstancias excepcionales que no pueden ser controladas ni evitadas por la l\u00ednea a\u00e9rea, aunque \u00abhubiera tomado todas las medidas razonables para evitar el retraso o la cancelaci\u00f3n\u00bb. No obstante, en funci\u00f3n de la duraci\u00f3n del retraso o cancelaci\u00f3n del vuelo por causas meteorol\u00f3gicas, <strong id=\"\">la aerol\u00ednea s\u00ed est\u00e1 obligada a compensar a los pasajeros con asistencia, reembolso del importe del vuelo cancelado o el coste del transporte alternativo. <\/strong>En cuanto a asistencia, en funci\u00f3n del n\u00famero de horas de espera y distancia del trayecto, los pasajeros tienen derecho a recibir <strong id=\"\">comida y bebida<\/strong>, as\u00ed como a efectuar dos <strong id=\"\">llamadas telef\u00f3nicas o mensajes por fax o email.<\/strong> Esta compensaci\u00f3n se garantiza siempre que <strong id=\"\">el retraso del vuelo sea superior a 2 horas<\/strong> para trayectos de hasta 1.500 km; <strong id=\"\">superior a 3 horas en distancias entre 1.500 km. y 3.500 km<\/strong>; m\u00e1s de <strong id=\"\">4 horas en trayectos superiores a 3.500 km<\/strong>. Independientemente de la distancia del vuelo, si el retraso por causas meteorol\u00f3gicas es superior a 5 horas, el pasajero tiene derecho a ser compensado con el <strong id=\"\">reembolso del precio del billete<\/strong>, sobre todo si nuestro viaje ya no tiene sentido (podemos llegar tarde a un concierto, reuni\u00f3n de trabajo o acontecimiento familiar), o con un <strong id=\"\">viaje en transporte alternativo<\/strong> lo m\u00e1s r\u00e1pido posible a su destino o en fecha posterior. En el caso de vuelos con varios trayectos podemos solicitar a la l\u00ednea a\u00e9rea que nos proporcione el traslado al punto de partida del viaje. Si, en cambio, el vuelo con el que nos compensa la aerol\u00ednea aterriza en un aeropuerto diferente al del vuelo original, deber\u00e1n costear el traslado al mismo. Si el retraso supone volar al d\u00eda siguiente, la compa\u00f1\u00eda deber\u00e1 ofrecernos <strong id=\"\">noche de hotel y transporte hacia el mismo<\/strong>. Antes de reservar una habitaci\u00f3n por nuestra cuenta, deberemos comprobar que la aerol\u00ednea ya lo ha hecho. Evitaremos correr con gastos extra. Si la aerol\u00ednea permite a los pasajeros hacer la reserva, solicitaremos que nos confirmen por escrito el consentimiento de cara a futuras reclamaciones.<\/p>\n\n\n\n<h2 class=\"wp-block-heading\"><strong id=\"\">\u00bfC\u00f3mo obtener indemnizaci\u00f3n por cancelaci\u00f3n de vuelo por causas meteorol\u00f3gicas?<\/strong><\/h2>\n\n\n\n<p class=\"wp-block-paragraph\">Como hemos visto, la compa\u00f1\u00eda a\u00e9rea no est\u00e1 obligada a indemnizar econ\u00f3micamente al pasajero en caso de mal tiempo u otras circunstancias extraordinarias. No obstante, el viajero siempre puede presentar una reclamaci\u00f3n aunque la aerol\u00ednea alegue esta circunstancia. Recordemos que <strong id=\"\">en cada aeropuerto existen oficinas de atenci\u00f3n al cliente de cada compa\u00f1\u00eda a\u00e9rea,<\/strong> donde podemos dirigirnos para recibir informaci\u00f3n sobre nuestro vuelo, as\u00ed como solicitar una posible asistencia o indemnizaci\u00f3n. Por el contrario, una forma de recibir una compensaci\u00f3n por cancelaci\u00f3n de vuelo por causas meteorol\u00f3gicas es <strong id=\"\">adquirir un seguro de viaje antes de partir. <\/strong>Adem\u00e1s de ofrecer coberturas de asistencia m\u00e9dica, anulaci\u00f3n de viaje o problemas con el equipaje, algunas p\u00f3lizas de viaje incluyen un <strong id=\"\">seguro de cancelaci\u00f3n de vuelo\u00fatil para evitar gastos en caso de vuelo cancelado por mal tiempo.<\/strong> Este es el caso del seguro <strong id=\"\">Totaltravel.<\/strong><\/p>\n\n\n\n<p class=\"wp-block-paragraph\"><a href=\"https:\/\/www.intermundial.es\/seguros-de-viaje\/seguro-totaltravel\" id=\"\">SEGURO DE CANCELACI\u00d3N DE VUELO<\/a><\/p>\n\n\n\n<p class=\"wp-block-paragraph\">Este seguro de viaje de <strong id=\"\">InterMundial<\/strong> cuenta con varias coberturas que proteger\u00e1n tu bolsillo de los gastos extraordinarios que provoca un retraso o cancelaci\u00f3n de vuelo por mal tiempo. Son estas:<\/p>\n\n\n\n<ul class=\"wp-block-list\">\n<li>Si la salida del vuelo se retrasa por cuestiones meteorol\u00f3gicas, se reembolsar\u00e1 los <strong id=\"\">gastos adicionales de comida y transporte<\/strong> durante la espera, tambi\u00e9n si debes prolongar tu estancia con <strong id=\"\">noches de hotel<\/strong>.<\/li>\n\n\n\n<li>Si el vuelo se retrasa por mal tiempo u otras causas de fuerza mayor y, como consecuencia, perdemos parte de las reservas contratadas (excursiones, visitas, noches de hotel, comidas, etc.), la aseguradora nos reembolsar\u00e1 el importe de estos <strong id=\"\">servicios no disfrutados<\/strong>.<\/li>\n\n\n\n<li>Si el medio de transporte p\u00fablico se retrasa causas meteorol\u00f3gicas y esto nos impide coger el siguiente vuelo o medio de transporte, InterMundial nos reembolsar\u00e1 los gastos adicionales del <strong id=\"\">transporte alternativo<\/strong> para llegar al destino, as\u00ed como los de alojamiento, comida y transporte durante la espera.<\/li>\n\n\n\n<li>En caso de overbooking o cancelaci\u00f3n de vuelo por mal tiempo de \u00faltima hora se reembolsar\u00e1 al viajero por los <strong id=\"\">gastos incurridos durante la espera de la salida del transporte alternativo.<\/strong><\/li>\n<\/ul>\n\n\n\n<p class=\"wp-block-paragraph\">De pagar estos gastos imprevistos durante la espera al siguiente vuelo, ya sea en el aeropuerto o en el hotel, <strong id=\"\">procuraremos solicitar y conservar los justificantes y facturas correspondientes<\/strong> para tramitar el reembolso con la aseguradora una vez de vuelta a casa. Viajar con los seguros de InterMundial nos permite gestionar nuestro siniestro online a trav\u00e9s del <strong id=\"\">\u00c1rea Cliente<\/strong>, de forma f\u00e1cil y r\u00e1pida.<\/p>\n\n\n\n<h2 class=\"wp-block-heading\"><strong id=\"\">Otros consejos \u00fatiles para tu vuelo si hay mal tiempo<\/strong><\/h2>\n\n\n\n<p class=\"wp-block-paragraph\">Mientras nuestro vuelo no parta, es bueno comprobar a menudo su estado en los monitores del aeropuerto o aplicaci\u00f3n m\u00f3vil de la l\u00ednea a\u00e9rea. En caso de informaci\u00f3n confusa, mejor no alejarnos de la zona de la puerta de embarque. Semanas antes de viajar, es conveniente seguir la informaci\u00f3n del tiempo de nuestro destino y de la ciudad desde la que volaremos. A veces estas causas meteorol\u00f3gicas que provocan retrasos y cancelaciones de vuelo se prolongan durante d\u00edas o semanas. En caso de que estas inclemencias nos sorprendan en destino, deberemos informarnos de c\u00f3mo actuar. En este otro art\u00edculo ofrecemos informaci\u00f3n para saber <a href=\"https:\/\/www.intermundial.es\/blog\/catastrofes-desastres-naturales-que-hacer\/\" id=\"\"><strong id=\"\">c\u00f3mo actuar si una cat\u00e1strofe natural afecta a nuestro viaje<\/strong><\/a>, ya sea antes o durante el mismo.<\/p>\n\n\n\n<figure class=\"wp-block-image w-richtext-figure-type-image w-richtext-align-center\"><img decoding=\"async\" src=\"https:\/\/dev.intermundial.bisiestodeveloper.es\/wp-content\/uploads\/2026\/02\/6703a472ba8103794242a686_66fdc2e1c1c5af25bb70fb7d_requisitos-de-viaje-blog.png\" alt=\"Mapa de requisitos para viajar Intermundial\"\/><figcaption class=\"wp-element-caption\"> Mapa de requisitos para viajar Intermundial<\/figcaption><\/figure>\n","protected":false},"excerpt":{"rendered":"<p>\u00bfTu vuelo se ha cancelado por mal tiempo? Inf\u00f3rmate de tus derechos como pasajero para saber c\u00f3mo reclamar y c\u00f3mo recibir indemnizaci\u00f3n.<\/p>\n","protected":false},"author":3,"featured_media":12274,"comment_status":"open","ping_status":"open","sticky":false,"template":"","format":"standard","meta":{"_acf_changed":false,"im_post_views":257,"im_post_updated_override":"Tue Jun 11 2024 00:00:00 GMT+0000 (Coordinated Universal Time)","footnotes":""},"categories":[31],"tags":[],"class_list":["post-12271","post","type-post","status-publish","format-standard","has-post-thumbnail","hentry","category-consejos-de-viaje"],"acf":[],"yoast_head":"<!-- This site is optimized with the Yoast SEO plugin v28.2 - https:\/\/yoast.com\/product\/yoast-seo-wordpress\/ -->\n<title>Vuelo cancelado por mal tiempo: Derechos y c\u00f3mo reclamar<\/title>\n<meta name=\"description\" content=\"\u00bfTu vuelo se ha cancelado por mal tiempo? Inf\u00f3rmate de tus derechos como pasajero para saber c\u00f3mo reclamar y c\u00f3mo recibir indemnizaci\u00f3n.\" \/>\n<meta name=\"robots\" content=\"index, follow, max-snippet:-1, max-image-preview:large, max-video-preview:-1\" \/>\n<link rel=\"canonical\" href=\"https:\/\/www.intermundial.es\/blog\/cancelacion-de-vuelo-por-causas-meteorologicas-es-posible-reclamar\" \/>\n<meta property=\"og:locale\" content=\"es_ES\" \/>\n<meta property=\"og:type\" content=\"article\" \/>\n<meta property=\"og:title\" content=\"Vuelo cancelado por mal tiempo: Derechos y c\u00f3mo reclamar\" \/>\n<meta property=\"og:description\" content=\"\u00bfTu vuelo se ha cancelado por mal tiempo? Inf\u00f3rmate de tus derechos como pasajero para saber c\u00f3mo reclamar y c\u00f3mo recibir indemnizaci\u00f3n.\" \/>\n<meta property=\"og:url\" content=\"https:\/\/www.intermundial.es\/blog\/cancelacion-de-vuelo-por-causas-meteorologicas-es-posible-reclamar\" \/>\n<meta property=\"og:site_name\" content=\"Intr\u00e9pidos\" \/>\n<meta property=\"article:published_time\" content=\"2021-01-08T00:00:00+00:00\" \/>\n<meta property=\"article:modified_time\" content=\"2024-06-11T00:00:00+00:00\" \/>\n<meta property=\"og:image\" content=\"https:\/\/www.intermundial.es\/blog\/wp-content\/uploads\/2026\/02\/66fdca3e7d103443794f7078_cancelacion-vuelo-por-causas-meteorologicas.jpeg\" \/>\n\t<meta property=\"og:image:width\" content=\"1080\" \/>\n\t<meta property=\"og:image:height\" content=\"720\" \/>\n\t<meta property=\"og:image:type\" content=\"image\/jpeg\" \/>\n<meta name=\"author\" content=\"Alberto Rubio\" \/>\n<meta name=\"twitter:card\" content=\"summary_large_image\" \/>\n<meta name=\"twitter:label1\" content=\"Escrito por\" \/>\n\t<meta name=\"twitter:data1\" content=\"Alberto Rubio\" \/>\n\t<meta name=\"twitter:label2\" content=\"Tiempo de lectura\" \/>\n\t<meta name=\"twitter:data2\" content=\"8 minutos\" \/>\n<script type=\"application\/ld+json\" class=\"yoast-schema-graph\">{\"@context\":\"https:\\\/\\\/schema.org\",\"@graph\":[{\"@type\":\"Article\",\"@id\":\"https:\\\/\\\/www.intermundial.es\\\/blog\\\/cancelacion-de-vuelo-por-causas-meteorologicas-es-posible-reclamar#article\",\"isPartOf\":{\"@id\":\"https:\\\/\\\/www.intermundial.es\\\/blog\\\/cancelacion-de-vuelo-por-causas-meteorologicas-es-posible-reclamar\"},\"author\":{\"name\":\"Alberto Rubio\",\"@id\":\"https:\\\/\\\/www.intermundial.es\\\/blog\\\/#\\\/schema\\\/person\\\/d4cd13a7dfd66da9dfd5b7ddd33cbe99\"},\"headline\":\"Vuelo cancelado por mal tiempo: \u00bfes posible reclamar?\",\"datePublished\":\"2021-01-08T00:00:00+00:00\",\"dateModified\":\"2024-06-11T00:00:00+00:00\",\"mainEntityOfPage\":{\"@id\":\"https:\\\/\\\/www.intermundial.es\\\/blog\\\/cancelacion-de-vuelo-por-causas-meteorologicas-es-posible-reclamar\"},\"wordCount\":1662,\"commentCount\":0,\"publisher\":{\"@id\":\"https:\\\/\\\/www.intermundial.es\\\/blog\\\/#organization\"},\"image\":{\"@id\":\"https:\\\/\\\/www.intermundial.es\\\/blog\\\/cancelacion-de-vuelo-por-causas-meteorologicas-es-posible-reclamar#primaryimage\"},\"thumbnailUrl\":\"https:\\\/\\\/www.intermundial.es\\\/blog\\\/wp-content\\\/uploads\\\/2026\\\/02\\\/66fdca3e7d103443794f7078_cancelacion-vuelo-por-causas-meteorologicas.jpeg\",\"articleSection\":[\"Consejos de viaje\"],\"inLanguage\":\"es\",\"potentialAction\":[{\"@type\":\"CommentAction\",\"name\":\"Comment\",\"target\":[\"https:\\\/\\\/www.intermundial.es\\\/blog\\\/cancelacion-de-vuelo-por-causas-meteorologicas-es-posible-reclamar#respond\"]}]},{\"@type\":\"WebPage\",\"@id\":\"https:\\\/\\\/www.intermundial.es\\\/blog\\\/cancelacion-de-vuelo-por-causas-meteorologicas-es-posible-reclamar\",\"url\":\"https:\\\/\\\/www.intermundial.es\\\/blog\\\/cancelacion-de-vuelo-por-causas-meteorologicas-es-posible-reclamar\",\"name\":\"Vuelo cancelado por mal tiempo: Derechos y c\u00f3mo reclamar\",\"isPartOf\":{\"@id\":\"https:\\\/\\\/www.intermundial.es\\\/blog\\\/#website\"},\"primaryImageOfPage\":{\"@id\":\"https:\\\/\\\/www.intermundial.es\\\/blog\\\/cancelacion-de-vuelo-por-causas-meteorologicas-es-posible-reclamar#primaryimage\"},\"image\":{\"@id\":\"https:\\\/\\\/www.intermundial.es\\\/blog\\\/cancelacion-de-vuelo-por-causas-meteorologicas-es-posible-reclamar#primaryimage\"},\"thumbnailUrl\":\"https:\\\/\\\/www.intermundial.es\\\/blog\\\/wp-content\\\/uploads\\\/2026\\\/02\\\/66fdca3e7d103443794f7078_cancelacion-vuelo-por-causas-meteorologicas.jpeg\",\"datePublished\":\"2021-01-08T00:00:00+00:00\",\"dateModified\":\"2024-06-11T00:00:00+00:00\",\"description\":\"\u00bfTu vuelo se ha cancelado por mal tiempo? Inf\u00f3rmate de tus derechos como pasajero para saber c\u00f3mo reclamar y c\u00f3mo recibir indemnizaci\u00f3n.\",\"breadcrumb\":{\"@id\":\"https:\\\/\\\/www.intermundial.es\\\/blog\\\/cancelacion-de-vuelo-por-causas-meteorologicas-es-posible-reclamar#breadcrumb\"},\"inLanguage\":\"es\",\"potentialAction\":[{\"@type\":\"ReadAction\",\"target\":[\"https:\\\/\\\/www.intermundial.es\\\/blog\\\/cancelacion-de-vuelo-por-causas-meteorologicas-es-posible-reclamar\"]}]},{\"@type\":\"ImageObject\",\"inLanguage\":\"es\",\"@id\":\"https:\\\/\\\/www.intermundial.es\\\/blog\\\/cancelacion-de-vuelo-por-causas-meteorologicas-es-posible-reclamar#primaryimage\",\"url\":\"https:\\\/\\\/www.intermundial.es\\\/blog\\\/wp-content\\\/uploads\\\/2026\\\/02\\\/66fdca3e7d103443794f7078_cancelacion-vuelo-por-causas-meteorologicas.jpeg\",\"contentUrl\":\"https:\\\/\\\/www.intermundial.es\\\/blog\\\/wp-content\\\/uploads\\\/2026\\\/02\\\/66fdca3e7d103443794f7078_cancelacion-vuelo-por-causas-meteorologicas.jpeg\",\"width\":1080,\"height\":720},{\"@type\":\"BreadcrumbList\",\"@id\":\"https:\\\/\\\/www.intermundial.es\\\/blog\\\/cancelacion-de-vuelo-por-causas-meteorologicas-es-posible-reclamar#breadcrumb\",\"itemListElement\":[{\"@type\":\"ListItem\",\"position\":1,\"name\":\"Portada\",\"item\":\"https:\\\/\\\/www.intermundial.es\\\/blog\\\/\"},{\"@type\":\"ListItem\",\"position\":2,\"name\":\"Vuelo cancelado por mal tiempo: \u00bfes posible reclamar?\"}]},{\"@type\":\"WebSite\",\"@id\":\"https:\\\/\\\/www.intermundial.es\\\/blog\\\/#website\",\"url\":\"https:\\\/\\\/www.intermundial.es\\\/blog\\\/\",\"name\":\"Intr\u00e9pidos\",\"description\":\"El blog de viajes de Intermundial\",\"publisher\":{\"@id\":\"https:\\\/\\\/www.intermundial.es\\\/blog\\\/#organization\"},\"potentialAction\":[{\"@type\":\"SearchAction\",\"target\":{\"@type\":\"EntryPoint\",\"urlTemplate\":\"https:\\\/\\\/www.intermundial.es\\\/blog\\\/?s={search_term_string}\"},\"query-input\":{\"@type\":\"PropertyValueSpecification\",\"valueRequired\":true,\"valueName\":\"search_term_string\"}}],\"inLanguage\":\"es\"},{\"@type\":\"Organization\",\"@id\":\"https:\\\/\\\/www.intermundial.es\\\/blog\\\/#organization\",\"name\":\"Intr\u00e9pidos\",\"url\":\"https:\\\/\\\/www.intermundial.es\\\/blog\\\/\",\"logo\":{\"@type\":\"ImageObject\",\"inLanguage\":\"es\",\"@id\":\"https:\\\/\\\/www.intermundial.es\\\/blog\\\/#\\\/schema\\\/logo\\\/image\\\/\",\"url\":\"https:\\\/\\\/www.intermundial.es\\\/blog\\\/wp-content\\\/uploads\\\/2026\\\/01\\\/logo-blog-intrepidos-intermundial-es-pt.webp\",\"contentUrl\":\"https:\\\/\\\/www.intermundial.es\\\/blog\\\/wp-content\\\/uploads\\\/2026\\\/01\\\/logo-blog-intrepidos-intermundial-es-pt.webp\",\"width\":500,\"height\":96,\"caption\":\"Intr\u00e9pidos\"},\"image\":{\"@id\":\"https:\\\/\\\/www.intermundial.es\\\/blog\\\/#\\\/schema\\\/logo\\\/image\\\/\"}},{\"@type\":\"Person\",\"@id\":\"https:\\\/\\\/www.intermundial.es\\\/blog\\\/#\\\/schema\\\/person\\\/d4cd13a7dfd66da9dfd5b7ddd33cbe99\",\"name\":\"Alberto Rubio\",\"image\":{\"@type\":\"ImageObject\",\"inLanguage\":\"es\",\"@id\":\"https:\\\/\\\/secure.gravatar.com\\\/avatar\\\/f44a4e3e104ea578b00555415d91e0a3c07123b296ece1bb96b35a037c291b27?s=96&d=https%3A%2F%2Fwww.intermundial.es%2Fblog%2Fwp-content%2Fthemes%2Fintermundial%2Fassets%2Fimg%2Fcropped-favicon-intermundial-1024x.png&r=g\",\"url\":\"https:\\\/\\\/secure.gravatar.com\\\/avatar\\\/f44a4e3e104ea578b00555415d91e0a3c07123b296ece1bb96b35a037c291b27?s=96&d=https%3A%2F%2Fwww.intermundial.es%2Fblog%2Fwp-content%2Fthemes%2Fintermundial%2Fassets%2Fimg%2Fcropped-favicon-intermundial-1024x.png&r=g\",\"contentUrl\":\"https:\\\/\\\/secure.gravatar.com\\\/avatar\\\/f44a4e3e104ea578b00555415d91e0a3c07123b296ece1bb96b35a037c291b27?s=96&d=https%3A%2F%2Fwww.intermundial.es%2Fblog%2Fwp-content%2Fthemes%2Fintermundial%2Fassets%2Fimg%2Fcropped-favicon-intermundial-1024x.png&r=g\",\"caption\":\"Alberto Rubio\"},\"description\":\"En el blog de Intermundial, me centr\u00e9 en ofrecer consejos pr\u00e1cticos para preparar y disfrutar del viaje, considerando que la planificaci\u00f3n tambi\u00e9n es una parte esencial de la experiencia viajera. Mi objetivo siempre ha sido ofrecer informaci\u00f3n \u00fatil y actualizada, bas\u00e1ndome en mi propia experiencia como viajero empedernido y en fuentes oficiales. Estoy orguloso de haber conseguido mantener art\u00edculos clave en las primeras posiciones, convirti\u00e9ndolos en recursos indispensables para los viajeros internacionales. Mi lema: \u201cNunca redactes aquello que no te gustar\u00eda leer\u201d.\",\"url\":\"https:\\\/\\\/www.intermundial.es\\\/blog\\\/autor\\\/alberto-rubio\"}]}<\/script>\n<!-- \/ Yoast SEO plugin. -->","yoast_head_json":{"title":"Vuelo cancelado por mal tiempo: Derechos y c\u00f3mo reclamar","description":"\u00bfTu vuelo se ha cancelado por mal tiempo? Inf\u00f3rmate de tus derechos como pasajero para saber c\u00f3mo reclamar y c\u00f3mo recibir indemnizaci\u00f3n.","robots":{"index":"index","follow":"follow","max-snippet":"max-snippet:-1","max-image-preview":"max-image-preview:large","max-video-preview":"max-video-preview:-1"},"canonical":"https:\/\/www.intermundial.es\/blog\/cancelacion-de-vuelo-por-causas-meteorologicas-es-posible-reclamar","og_locale":"es_ES","og_type":"article","og_title":"Vuelo cancelado por mal tiempo: Derechos y c\u00f3mo reclamar","og_description":"\u00bfTu vuelo se ha cancelado por mal tiempo? Inf\u00f3rmate de tus derechos como pasajero para saber c\u00f3mo reclamar y c\u00f3mo recibir indemnizaci\u00f3n.","og_url":"https:\/\/www.intermundial.es\/blog\/cancelacion-de-vuelo-por-causas-meteorologicas-es-posible-reclamar","og_site_name":"Intr\u00e9pidos","article_published_time":"2021-01-08T00:00:00+00:00","article_modified_time":"2024-06-11T00:00:00+00:00","og_image":[{"width":1080,"height":720,"url":"https:\/\/www.intermundial.es\/blog\/wp-content\/uploads\/2026\/02\/66fdca3e7d103443794f7078_cancelacion-vuelo-por-causas-meteorologicas.jpeg","type":"image\/jpeg"}],"author":"Alberto Rubio","twitter_card":"summary_large_image","twitter_misc":{"Escrito por":"Alberto Rubio","Tiempo de lectura":"8 minutos"},"schema":{"@context":"https:\/\/schema.org","@graph":[{"@type":"Article","@id":"https:\/\/www.intermundial.es\/blog\/cancelacion-de-vuelo-por-causas-meteorologicas-es-posible-reclamar#article","isPartOf":{"@id":"https:\/\/www.intermundial.es\/blog\/cancelacion-de-vuelo-por-causas-meteorologicas-es-posible-reclamar"},"author":{"name":"Alberto Rubio","@id":"https:\/\/www.intermundial.es\/blog\/#\/schema\/person\/d4cd13a7dfd66da9dfd5b7ddd33cbe99"},"headline":"Vuelo cancelado por mal tiempo: \u00bfes posible reclamar?","datePublished":"2021-01-08T00:00:00+00:00","dateModified":"2024-06-11T00:00:00+00:00","mainEntityOfPage":{"@id":"https:\/\/www.intermundial.es\/blog\/cancelacion-de-vuelo-por-causas-meteorologicas-es-posible-reclamar"},"wordCount":1662,"commentCount":0,"publisher":{"@id":"https:\/\/www.intermundial.es\/blog\/#organization"},"image":{"@id":"https:\/\/www.intermundial.es\/blog\/cancelacion-de-vuelo-por-causas-meteorologicas-es-posible-reclamar#primaryimage"},"thumbnailUrl":"https:\/\/www.intermundial.es\/blog\/wp-content\/uploads\/2026\/02\/66fdca3e7d103443794f7078_cancelacion-vuelo-por-causas-meteorologicas.jpeg","articleSection":["Consejos de viaje"],"inLanguage":"es","potentialAction":[{"@type":"CommentAction","name":"Comment","target":["https:\/\/www.intermundial.es\/blog\/cancelacion-de-vuelo-por-causas-meteorologicas-es-posible-reclamar#respond"]}]},{"@type":"WebPage","@id":"https:\/\/www.intermundial.es\/blog\/cancelacion-de-vuelo-por-causas-meteorologicas-es-posible-reclamar","url":"https:\/\/www.intermundial.es\/blog\/cancelacion-de-vuelo-por-causas-meteorologicas-es-posible-reclamar","name":"Vuelo cancelado por mal tiempo: Derechos y c\u00f3mo reclamar","isPartOf":{"@id":"https:\/\/www.intermundial.es\/blog\/#website"},"primaryImageOfPage":{"@id":"https:\/\/www.intermundial.es\/blog\/cancelacion-de-vuelo-por-causas-meteorologicas-es-posible-reclamar#primaryimage"},"image":{"@id":"https:\/\/www.intermundial.es\/blog\/cancelacion-de-vuelo-por-causas-meteorologicas-es-posible-reclamar#primaryimage"},"thumbnailUrl":"https:\/\/www.intermundial.es\/blog\/wp-content\/uploads\/2026\/02\/66fdca3e7d103443794f7078_cancelacion-vuelo-por-causas-meteorologicas.jpeg","datePublished":"2021-01-08T00:00:00+00:00","dateModified":"2024-06-11T00:00:00+00:00","description":"\u00bfTu vuelo se ha cancelado por mal tiempo? Inf\u00f3rmate de tus derechos como pasajero para saber c\u00f3mo reclamar y c\u00f3mo recibir indemnizaci\u00f3n.","breadcrumb":{"@id":"https:\/\/www.intermundial.es\/blog\/cancelacion-de-vuelo-por-causas-meteorologicas-es-posible-reclamar#breadcrumb"},"inLanguage":"es","potentialAction":[{"@type":"ReadAction","target":["https:\/\/www.intermundial.es\/blog\/cancelacion-de-vuelo-por-causas-meteorologicas-es-posible-reclamar"]}]},{"@type":"ImageObject","inLanguage":"es","@id":"https:\/\/www.intermundial.es\/blog\/cancelacion-de-vuelo-por-causas-meteorologicas-es-posible-reclamar#primaryimage","url":"https:\/\/www.intermundial.es\/blog\/wp-content\/uploads\/2026\/02\/66fdca3e7d103443794f7078_cancelacion-vuelo-por-causas-meteorologicas.jpeg","contentUrl":"https:\/\/www.intermundial.es\/blog\/wp-content\/uploads\/2026\/02\/66fdca3e7d103443794f7078_cancelacion-vuelo-por-causas-meteorologicas.jpeg","width":1080,"height":720},{"@type":"BreadcrumbList","@id":"https:\/\/www.intermundial.es\/blog\/cancelacion-de-vuelo-por-causas-meteorologicas-es-posible-reclamar#breadcrumb","itemListElement":[{"@type":"ListItem","position":1,"name":"Portada","item":"https:\/\/www.intermundial.es\/blog\/"},{"@type":"ListItem","position":2,"name":"Vuelo cancelado por mal tiempo: \u00bfes posible reclamar?"}]},{"@type":"WebSite","@id":"https:\/\/www.intermundial.es\/blog\/#website","url":"https:\/\/www.intermundial.es\/blog\/","name":"Intr\u00e9pidos","description":"El blog de viajes de Intermundial","publisher":{"@id":"https:\/\/www.intermundial.es\/blog\/#organization"},"potentialAction":[{"@type":"SearchAction","target":{"@type":"EntryPoint","urlTemplate":"https:\/\/www.intermundial.es\/blog\/?s={search_term_string}"},"query-input":{"@type":"PropertyValueSpecification","valueRequired":true,"valueName":"search_term_string"}}],"inLanguage":"es"},{"@type":"Organization","@id":"https:\/\/www.intermundial.es\/blog\/#organization","name":"Intr\u00e9pidos","url":"https:\/\/www.intermundial.es\/blog\/","logo":{"@type":"ImageObject","inLanguage":"es","@id":"https:\/\/www.intermundial.es\/blog\/#\/schema\/logo\/image\/","url":"https:\/\/www.intermundial.es\/blog\/wp-content\/uploads\/2026\/01\/logo-blog-intrepidos-intermundial-es-pt.webp","contentUrl":"https:\/\/www.intermundial.es\/blog\/wp-content\/uploads\/2026\/01\/logo-blog-intrepidos-intermundial-es-pt.webp","width":500,"height":96,"caption":"Intr\u00e9pidos"},"image":{"@id":"https:\/\/www.intermundial.es\/blog\/#\/schema\/logo\/image\/"}},{"@type":"Person","@id":"https:\/\/www.intermundial.es\/blog\/#\/schema\/person\/d4cd13a7dfd66da9dfd5b7ddd33cbe99","name":"Alberto Rubio","image":{"@type":"ImageObject","inLanguage":"es","@id":"https:\/\/secure.gravatar.com\/avatar\/f44a4e3e104ea578b00555415d91e0a3c07123b296ece1bb96b35a037c291b27?s=96&d=https%3A%2F%2Fwww.intermundial.es%2Fblog%2Fwp-content%2Fthemes%2Fintermundial%2Fassets%2Fimg%2Fcropped-favicon-intermundial-1024x.png&r=g","url":"https:\/\/secure.gravatar.com\/avatar\/f44a4e3e104ea578b00555415d91e0a3c07123b296ece1bb96b35a037c291b27?s=96&d=https%3A%2F%2Fwww.intermundial.es%2Fblog%2Fwp-content%2Fthemes%2Fintermundial%2Fassets%2Fimg%2Fcropped-favicon-intermundial-1024x.png&r=g","contentUrl":"https:\/\/secure.gravatar.com\/avatar\/f44a4e3e104ea578b00555415d91e0a3c07123b296ece1bb96b35a037c291b27?s=96&d=https%3A%2F%2Fwww.intermundial.es%2Fblog%2Fwp-content%2Fthemes%2Fintermundial%2Fassets%2Fimg%2Fcropped-favicon-intermundial-1024x.png&r=g","caption":"Alberto Rubio"},"description":"En el blog de Intermundial, me centr\u00e9 en ofrecer consejos pr\u00e1cticos para preparar y disfrutar del viaje, considerando que la planificaci\u00f3n tambi\u00e9n es una parte esencial de la experiencia viajera. Mi objetivo siempre ha sido ofrecer informaci\u00f3n \u00fatil y actualizada, bas\u00e1ndome en mi propia experiencia como viajero empedernido y en fuentes oficiales. Estoy orguloso de haber conseguido mantener art\u00edculos clave en las primeras posiciones, convirti\u00e9ndolos en recursos indispensables para los viajeros internacionales. Mi lema: \u201cNunca redactes aquello que no te gustar\u00eda leer\u201d.","url":"https:\/\/www.intermundial.es\/blog\/autor\/alberto-rubio"}]}},"_links":{"self":[{"href":"https:\/\/www.intermundial.es\/blog\/wp-json\/wp\/v2\/posts\/12271","targetHints":{"allow":["GET"]}}],"collection":[{"href":"https:\/\/www.intermundial.es\/blog\/wp-json\/wp\/v2\/posts"}],"about":[{"href":"https:\/\/www.intermundial.es\/blog\/wp-json\/wp\/v2\/types\/post"}],"author":[{"embeddable":true,"href":"https:\/\/www.intermundial.es\/blog\/wp-json\/wp\/v2\/users\/3"}],"replies":[{"embeddable":true,"href":"https:\/\/www.intermundial.es\/blog\/wp-json\/wp\/v2\/comments?post=12271"}],"version-history":[{"count":8,"href":"https:\/\/www.intermundial.es\/blog\/wp-json\/wp\/v2\/posts\/12271\/revisions"}],"predecessor-version":[{"id":21682,"href":"https:\/\/www.intermundial.es\/blog\/wp-json\/wp\/v2\/posts\/12271\/revisions\/21682"}],"wp:featuredmedia":[{"embeddable":true,"href":"https:\/\/www.intermundial.es\/blog\/wp-json\/wp\/v2\/media\/12274"}],"wp:attachment":[{"href":"https:\/\/www.intermundial.es\/blog\/wp-json\/wp\/v2\/media?parent=12271"}],"wp:term":[{"taxonomy":"category","embeddable":true,"href":"https:\/\/www.intermundial.es\/blog\/wp-json\/wp\/v2\/categories?post=12271"},{"taxonomy":"post_tag","embeddable":true,"href":"https:\/\/www.intermundial.es\/blog\/wp-json\/wp\/v2\/tags?post=12271"}],"curies":[{"name":"wp","href":"https:\/\/api.w.org\/{rel}","templated":true}]}}