{"id":11428,"date":"2016-08-03T00:00:00","date_gmt":"2016-08-03T00:00:00","guid":{"rendered":"https:\/\/dev.intermundial.bisiestodeveloper.es\/perdida-de-equipaje\/"},"modified":"2021-03-11T00:00:00","modified_gmt":"2021-03-11T00:00:00","slug":"perdida-de-equipaje","status":"publish","type":"post","link":"https:\/\/www.intermundial.es\/blog\/perdida-de-equipaje","title":{"rendered":"Qu\u00e9 hacer en caso de p\u00e9rdida de equipaje"},"content":{"rendered":"\n<p class=\"wp-block-paragraph\"><strong id=\"\">Perder el equipaje al viajar en avi\u00f3n<\/strong> puede arruinar completamente las vacaciones. Cuando no llegan las maletas a tiempo se crean algunas consecuencias desagradables para todos los viajeros. En 2017, la tasa de manejo incorrecto fue de 5,57 maletas por cada mil pasajeros. seg\u00fan datos del \u201c<a href=\"https:\/\/dailyweb.com.ar\/data\/arch_cont\/archivos_articulos\/29995_archivo_unico.pdf\" target=\"_blank\" rel=\"noreferrer noopener\">Informe de Perspectivas de la Industria del Transporte A\u00e9reo 2018: gesti\u00f3n de equipaje<\/a>\u201d de SITA. Si te encuentras en esta desafortunada circunstancia, sigue estas indicaciones sobre c\u00f3mo recuperar el equipaje perdido lo m\u00e1s pronto posible.<\/p>\n\n\n\n<h2 class=\"wp-block-heading\">Equipaje perdido, retrasado, robado o con da\u00f1os: \u00bfC\u00f3mo actuar?<\/h2>\n\n\n\n<h3 class=\"wp-block-heading\">Oficina de objetos perdidos<\/h3>\n\n\n\n<figure class=\"wp-block-image w-richtext-figure-type-image w-richtext-align-center\"><img decoding=\"async\" src=\"https:\/\/dev.intermundial.bisiestodeveloper.es\/wp-content\/uploads\/2026\/02\/66fdc9e899333809c1494932_maletas-perdidas.gif\" alt=\"maletas perdidas\"\/><\/figure>\n\n\n\n<p class=\"wp-block-paragraph\">Lo primero que debe hacer antes de salir de la zona de recogida de equipajes es ir hacia el <strong id=\"\">mostrador de la compa\u00f1\u00eda a\u00e9rea<\/strong> o su agente <em id=\"\">handling<\/em> (empresa de asistencia en tierra a las compa\u00f1\u00edas a\u00e9reas) Si tienes dificultad en localizar el mostrador de la compa\u00f1\u00eda, dir\u00edgete al mostrador de informaci\u00f3n que Aena tiene en cada aeropuerto. Con el billete y el resguardo de facturaci\u00f3n, debes recoger el <strong id=\"\"> formulario PIR<\/strong> (Property Irregular Report), que debe ser rellenado con la informaci\u00f3n de tu equipaje. Se crea un c\u00f3digo de identificaci\u00f3n que debes conservar hasta la resoluci\u00f3n de la incidencia. Es un requisito necesario para hacer constar la incidencia ocurrida y para la tramitaci\u00f3n por la compa\u00f1\u00eda a\u00e9rea. Y es que la recepci\u00f3n del equipaje facturado sin reclamaci\u00f3n por parte del pasajero constituye que el mismo ha sido entregado.<\/p>\n\n\n\n<h3 class=\"wp-block-heading\">Plazos para la presentaci\u00f3n de reclamaciones por retraso, da\u00f1os, robo o p\u00e9rdida en el equipaje<\/h3>\n\n\n\n<figure class=\"wp-block-image w-richtext-figure-type-image w-richtext-align-center\"><img decoding=\"async\" src=\"https:\/\/dev.intermundial.bisiestodeveloper.es\/wp-content\/uploads\/2026\/02\/66fdc9e999333809c149497d_localizacion-de-maletas.gif\" alt=\"localizacion de maletas\"\/><\/figure>\n\n\n\n<p class=\"wp-block-paragraph\">En caso de <strong id=\"\">retraso<\/strong>, la protesta deber\u00e1 hacerse, a m\u00e1s tardar, dentro de <strong id=\"\">21 d\u00edas<\/strong> a partir de la fecha en que el equipaje haya sido puesto a tu disposici\u00f3n. En caso de <strong id=\"\">da\u00f1o<\/strong>, deber\u00e1s presentar a la compa\u00f1\u00eda a\u00e9rea una protesta inmediatamente despu\u00e9s de haber percibido que el equipaje est\u00e1 defectuoso, a m\u00e1s tardar, dentro de un plazo de <strong id=\"\">7 d\u00edas<\/strong> para a partir de la fecha de su recepci\u00f3n. Si compruebas que alg\u00fan objeto de tu equipaje ha sido <strong id=\"\">robado<\/strong>, acude lo antes posible a denunciarlo a una comisar\u00eda de polic\u00eda. El aeropuerto se encarga de <strong id=\"\">localizar el equipaje<\/strong> en los primeros cinco d\u00edas de la <strong id=\"\">p\u00e9rdida<\/strong>. Despu\u00e9s de este per\u00edodo, si a\u00fan no han sido localizados, el Departamento de Objetos Perdidos de la compa\u00f1\u00eda a\u00e9rea se har\u00e1 cargo de realizar una investigaci\u00f3n durante los siguientes <strong id=\"\">21 d\u00edas.<\/strong><\/p>\n\n\n\n<h3 class=\"wp-block-heading\">Da\u00f1os y perjuicios<\/h3>\n\n\n\n<p class=\"wp-block-paragraph\">Si despu\u00e9s de 21 d\u00edas no se ha encontrado se declara <strong id=\"\">equipaje perdido<\/strong>. De acuerdo con la normativa comunitaria, la aerol\u00ednea debe dar una <strong id=\"\">indemnizaci\u00f3n<\/strong> hasta un m\u00e1ximo de 1.350 euros. Para ello, es necesario enviar todos los documentos de la incidencia a la compa\u00f1\u00eda con la que ha viajado. En caso de retraso, la indemnizaci\u00f3n var\u00eda en funci\u00f3n del tiempo de entrega y s\u00f3lo cubren art\u00edculos de primera necesidad. Con respecto a la p\u00e9rdida de equipaje, conviene elaborar una lista con todo lo que llev\u00e1bamos, especificando marca, modelo y a\u00f1o de compra de cada producto, sobre lo cual la aerol\u00ednea har\u00e1 una valoraci\u00f3n. Esta es toda la <strong id=\"\">documentaci\u00f3n<\/strong> con la que deber\u00edamos contar de cara a tramitar cualquier incidencia relacionada con el equipaje:<\/p>\n\n\n\n<ul class=\"wp-block-list\">\n<li>Identificador de la reserva del vuelo<\/li>\n\n\n\n<li>El documento PIR original<\/li>\n\n\n\n<li>Etiqueta de identificaci\u00f3n del equipaje<\/li>\n\n\n\n<li>Lista de contenidos del equipaje<\/li>\n\n\n\n<li>Recibos originales de lo adquirido para reemplazar el contenido de equipaje perdido.<\/li>\n\n\n\n<li>Indicaci\u00f3n de datos bancarios.<\/li>\n<\/ul>\n\n\n\n<h3 class=\"wp-block-heading\">Garant\u00edas del seguro de viaje ante incidencias con el equipaje<\/h3>\n\n\n\n<p class=\"wp-block-paragraph\">Teniendo un <strong id=\"\">seguro de viaje como el <\/strong><a href=\"https:\/\/www.intermundial.es\/seguros-de-viaje\/seguro-totaltravel\" id=\"\"><strong id=\"\">Totaltravel de InterMundial<\/strong><\/a><strong id=\"\">, <\/strong>podremos contar con las siguientes garant\u00edas en relaci\u00f3n a las incidencias con nuestro equipaje.<\/p>\n\n\n\n<ul class=\"wp-block-list\">\n<li>Incluye la indemnizaci\u00f3n por <strong id=\"\">da\u00f1os y p\u00e9rdidas materiales<\/strong> del equipaje o efectos personales hasta la cantidad indicada en caso de p\u00e9rdida total o parcial por parte del transportista o da\u00f1os por incendio o agresi\u00f3n, o hasta 500 \u20ac en caso de <strong id=\"\">robo<\/strong>.<\/li>\n\n\n\n<li>Si sufres un <strong id=\"\">retraso<\/strong> de 12 o m\u00e1s horas en la entrega del equipaje facturado -48h en la vuelta-, la compa\u00f1\u00eda pagar\u00e1 los productos de primera necesidad que compres, previa presentaci\u00f3n de las facturas correspondientes (150 \u20ac a partir de 12 horas y 100 \u20ac cada 24 horas).<\/li>\n\n\n\n<li>En caso de <strong id=\"\">p\u00e9rdida de equipajes<\/strong> en vuelo regular, la compa\u00f1\u00eda aseguradora utilizar\u00e1 todos los medios a su alcance para localizarlos y, en caso de encontrarlos, hac\u00e9rtelos llegar sin coste alguno.<\/li>\n\n\n\n<li>Queda cubierto el <strong id=\"\">env\u00edo de los objetos<\/strong> que te hayan robado y despu\u00e9s se recuperen, as\u00ed como aquellos que hayas dejado olvidados, siempre que el coste conjunto de dichos objetos supere los 125 \u20ac.<\/li>\n\n\n\n<li>Quedan cubiertos los gastos de gesti\u00f3n y obtenci\u00f3n, debidamente justificados, de <strong id=\"\">documentos<\/strong> que debas sustituir por p\u00e9rdida o robo durante el viaje: tarjetas de cr\u00e9dito, pasaporte o visados, cheques bancarios y billetes de transporte.<\/li>\n<\/ul>\n\n\n\n<p class=\"wp-block-paragraph\">Inf\u00f3rmate de los <a href=\"https:\/\/www.intermundial.es\/blog\/documentacion-tramitacion-incidencia-viajes\/\" id=\"\"><strong id=\"\">tr\u00e1mites a realizar y los documentos a aportar a tu aseguradora<\/strong><\/a> en caso de que hayas tenido un incidente relacionado con tu equipaje.<\/p>\n\n\n\n<figure class=\"w-richtext-figure-type-video w-richtext-align-center\" style=\"padding-bottom:\" data-rt-type=\"video\" data-rt-align=\"center\" data-rt-max-width=\"\" data-rt-max-height=\"\" data-rt-dimensions=\"\" data-page-url=\"\">\n<div><iframe src=\"https:\/\/www.youtube.com\/embed\/GvsH257t-zo?rel=0\" scrolling=\"no\" allowfullscreen=\"allowfullscreen\"><\/iframe><\/div>\n<\/figure>\n","protected":false},"excerpt":{"rendered":"<p>Una de las situaciones m\u00e1s temidas por los viajeros es que no llegue el equipaje. \u00bfQu\u00e9 hacer en caso de p\u00e9rdida o retraso? \u00bfA qui\u00e9n y c\u00f3mo debemos reclamar?<\/p>\n","protected":false},"author":9,"featured_media":11432,"comment_status":"open","ping_status":"open","sticky":false,"template":"","format":"standard","meta":{"_acf_changed":false,"im_post_views":191,"im_post_updated_override":"Thu Mar 11 2021 00:00:00 GMT+0000 (Coordinated Universal Time)","footnotes":""},"categories":[31],"tags":[],"class_list":["post-11428","post","type-post","status-publish","format-standard","has-post-thumbnail","hentry","category-consejos-de-viaje"],"acf":[],"yoast_head":"<!-- This site is optimized with the Yoast SEO plugin v28.2 - https:\/\/yoast.com\/product\/yoast-seo-wordpress\/ -->\n<title>Qu\u00e9 hacer en caso de p\u00e9rdida de equipaje<\/title>\n<meta name=\"description\" content=\"Una de las situaciones m\u00e1s temidas por los viajeros es que no llegue el equipaje. \u00bfQu\u00e9 hacer en caso de p\u00e9rdida o retraso? \u00bfA qui\u00e9n y c\u00f3mo debemos reclamar?\" \/>\n<meta name=\"robots\" content=\"index, follow, max-snippet:-1, max-image-preview:large, max-video-preview:-1\" \/>\n<link rel=\"canonical\" href=\"https:\/\/www.intermundial.es\/blog\/perdida-de-equipaje\" \/>\n<meta property=\"og:locale\" content=\"es_ES\" \/>\n<meta property=\"og:type\" content=\"article\" \/>\n<meta property=\"og:title\" content=\"Qu\u00e9 hacer en caso de p\u00e9rdida de equipaje\" \/>\n<meta property=\"og:description\" content=\"Una de las situaciones m\u00e1s temidas por los viajeros es que no llegue el equipaje. \u00bfQu\u00e9 hacer en caso de p\u00e9rdida o retraso? \u00bfA qui\u00e9n y c\u00f3mo debemos reclamar?\" \/>\n<meta property=\"og:url\" content=\"https:\/\/www.intermundial.es\/blog\/perdida-de-equipaje\" \/>\n<meta property=\"og:site_name\" content=\"Intr\u00e9pidos\" \/>\n<meta property=\"article:published_time\" content=\"2016-08-03T00:00:00+00:00\" \/>\n<meta property=\"article:modified_time\" content=\"2021-03-11T00:00:00+00:00\" \/>\n<meta property=\"og:image\" content=\"https:\/\/www.intermundial.es\/blog\/wp-content\/uploads\/2026\/02\/66fdc9ea99333809c1494a4c_perdida-de-equipaje.gif\" \/>\n\t<meta property=\"og:image:width\" content=\"1080\" \/>\n\t<meta property=\"og:image:height\" content=\"641\" \/>\n\t<meta property=\"og:image:type\" content=\"image\/gif\" \/>\n<meta name=\"author\" content=\"Patricia S\u00e1nchez\" \/>\n<meta name=\"twitter:card\" content=\"summary_large_image\" \/>\n<meta name=\"twitter:label1\" content=\"Escrito por\" \/>\n\t<meta name=\"twitter:data1\" content=\"Patricia S\u00e1nchez\" \/>\n\t<meta name=\"twitter:label2\" content=\"Tiempo de lectura\" \/>\n\t<meta name=\"twitter:data2\" content=\"4 minutos\" \/>\n<script type=\"application\/ld+json\" class=\"yoast-schema-graph\">{\"@context\":\"https:\\\/\\\/schema.org\",\"@graph\":[{\"@type\":\"Article\",\"@id\":\"https:\\\/\\\/www.intermundial.es\\\/blog\\\/perdida-de-equipaje#article\",\"isPartOf\":{\"@id\":\"https:\\\/\\\/www.intermundial.es\\\/blog\\\/perdida-de-equipaje\"},\"author\":{\"name\":\"Patricia S\u00e1nchez\",\"@id\":\"https:\\\/\\\/www.intermundial.es\\\/blog\\\/#\\\/schema\\\/person\\\/828e5319de5f47baa90ee1df70b2fe9d\"},\"headline\":\"Qu\u00e9 hacer en caso de p\u00e9rdida de equipaje\",\"datePublished\":\"2016-08-03T00:00:00+00:00\",\"dateModified\":\"2021-03-11T00:00:00+00:00\",\"mainEntityOfPage\":{\"@id\":\"https:\\\/\\\/www.intermundial.es\\\/blog\\\/perdida-de-equipaje\"},\"wordCount\":885,\"commentCount\":0,\"publisher\":{\"@id\":\"https:\\\/\\\/www.intermundial.es\\\/blog\\\/#organization\"},\"image\":{\"@id\":\"https:\\\/\\\/www.intermundial.es\\\/blog\\\/perdida-de-equipaje#primaryimage\"},\"thumbnailUrl\":\"https:\\\/\\\/www.intermundial.es\\\/blog\\\/wp-content\\\/uploads\\\/2026\\\/02\\\/66fdc9ea99333809c1494a4c_perdida-de-equipaje.gif\",\"articleSection\":[\"Consejos de viaje\"],\"inLanguage\":\"es\",\"potentialAction\":[{\"@type\":\"CommentAction\",\"name\":\"Comment\",\"target\":[\"https:\\\/\\\/www.intermundial.es\\\/blog\\\/perdida-de-equipaje#respond\"]}]},{\"@type\":\"WebPage\",\"@id\":\"https:\\\/\\\/www.intermundial.es\\\/blog\\\/perdida-de-equipaje\",\"url\":\"https:\\\/\\\/www.intermundial.es\\\/blog\\\/perdida-de-equipaje\",\"name\":\"Qu\u00e9 hacer en caso de p\u00e9rdida de equipaje\",\"isPartOf\":{\"@id\":\"https:\\\/\\\/www.intermundial.es\\\/blog\\\/#website\"},\"primaryImageOfPage\":{\"@id\":\"https:\\\/\\\/www.intermundial.es\\\/blog\\\/perdida-de-equipaje#primaryimage\"},\"image\":{\"@id\":\"https:\\\/\\\/www.intermundial.es\\\/blog\\\/perdida-de-equipaje#primaryimage\"},\"thumbnailUrl\":\"https:\\\/\\\/www.intermundial.es\\\/blog\\\/wp-content\\\/uploads\\\/2026\\\/02\\\/66fdc9ea99333809c1494a4c_perdida-de-equipaje.gif\",\"datePublished\":\"2016-08-03T00:00:00+00:00\",\"dateModified\":\"2021-03-11T00:00:00+00:00\",\"description\":\"Una de las situaciones m\u00e1s temidas por los viajeros es que no llegue el equipaje. \u00bfQu\u00e9 hacer en caso de p\u00e9rdida o retraso? \u00bfA qui\u00e9n y c\u00f3mo debemos reclamar?\",\"breadcrumb\":{\"@id\":\"https:\\\/\\\/www.intermundial.es\\\/blog\\\/perdida-de-equipaje#breadcrumb\"},\"inLanguage\":\"es\",\"potentialAction\":[{\"@type\":\"ReadAction\",\"target\":[\"https:\\\/\\\/www.intermundial.es\\\/blog\\\/perdida-de-equipaje\"]}]},{\"@type\":\"ImageObject\",\"inLanguage\":\"es\",\"@id\":\"https:\\\/\\\/www.intermundial.es\\\/blog\\\/perdida-de-equipaje#primaryimage\",\"url\":\"https:\\\/\\\/www.intermundial.es\\\/blog\\\/wp-content\\\/uploads\\\/2026\\\/02\\\/66fdc9ea99333809c1494a4c_perdida-de-equipaje.gif\",\"contentUrl\":\"https:\\\/\\\/www.intermundial.es\\\/blog\\\/wp-content\\\/uploads\\\/2026\\\/02\\\/66fdc9ea99333809c1494a4c_perdida-de-equipaje.gif\",\"width\":1080,\"height\":641},{\"@type\":\"BreadcrumbList\",\"@id\":\"https:\\\/\\\/www.intermundial.es\\\/blog\\\/perdida-de-equipaje#breadcrumb\",\"itemListElement\":[{\"@type\":\"ListItem\",\"position\":1,\"name\":\"Portada\",\"item\":\"https:\\\/\\\/www.intermundial.es\\\/blog\\\/\"},{\"@type\":\"ListItem\",\"position\":2,\"name\":\"Qu\u00e9 hacer en caso de p\u00e9rdida de equipaje\"}]},{\"@type\":\"WebSite\",\"@id\":\"https:\\\/\\\/www.intermundial.es\\\/blog\\\/#website\",\"url\":\"https:\\\/\\\/www.intermundial.es\\\/blog\\\/\",\"name\":\"Intr\u00e9pidos\",\"description\":\"El blog de viajes de Intermundial\",\"publisher\":{\"@id\":\"https:\\\/\\\/www.intermundial.es\\\/blog\\\/#organization\"},\"potentialAction\":[{\"@type\":\"SearchAction\",\"target\":{\"@type\":\"EntryPoint\",\"urlTemplate\":\"https:\\\/\\\/www.intermundial.es\\\/blog\\\/?s={search_term_string}\"},\"query-input\":{\"@type\":\"PropertyValueSpecification\",\"valueRequired\":true,\"valueName\":\"search_term_string\"}}],\"inLanguage\":\"es\"},{\"@type\":\"Organization\",\"@id\":\"https:\\\/\\\/www.intermundial.es\\\/blog\\\/#organization\",\"name\":\"Intr\u00e9pidos\",\"url\":\"https:\\\/\\\/www.intermundial.es\\\/blog\\\/\",\"logo\":{\"@type\":\"ImageObject\",\"inLanguage\":\"es\",\"@id\":\"https:\\\/\\\/www.intermundial.es\\\/blog\\\/#\\\/schema\\\/logo\\\/image\\\/\",\"url\":\"https:\\\/\\\/www.intermundial.es\\\/blog\\\/wp-content\\\/uploads\\\/2026\\\/01\\\/logo-blog-intrepidos-intermundial-es-pt.webp\",\"contentUrl\":\"https:\\\/\\\/www.intermundial.es\\\/blog\\\/wp-content\\\/uploads\\\/2026\\\/01\\\/logo-blog-intrepidos-intermundial-es-pt.webp\",\"width\":500,\"height\":96,\"caption\":\"Intr\u00e9pidos\"},\"image\":{\"@id\":\"https:\\\/\\\/www.intermundial.es\\\/blog\\\/#\\\/schema\\\/logo\\\/image\\\/\"}},{\"@type\":\"Person\",\"@id\":\"https:\\\/\\\/www.intermundial.es\\\/blog\\\/#\\\/schema\\\/person\\\/828e5319de5f47baa90ee1df70b2fe9d\",\"name\":\"Patricia S\u00e1nchez\",\"image\":{\"@type\":\"ImageObject\",\"inLanguage\":\"es\",\"@id\":\"https:\\\/\\\/secure.gravatar.com\\\/avatar\\\/b4cf7e0ccd6d17ef37507994d215bcced8c074f5c75abbd64bfeaa816613ebb2?s=96&d=https%3A%2F%2Fwww.intermundial.es%2Fblog%2Fwp-content%2Fthemes%2Fintermundial%2Fassets%2Fimg%2Fcropped-favicon-intermundial-1024x.png&r=g\",\"url\":\"https:\\\/\\\/secure.gravatar.com\\\/avatar\\\/b4cf7e0ccd6d17ef37507994d215bcced8c074f5c75abbd64bfeaa816613ebb2?s=96&d=https%3A%2F%2Fwww.intermundial.es%2Fblog%2Fwp-content%2Fthemes%2Fintermundial%2Fassets%2Fimg%2Fcropped-favicon-intermundial-1024x.png&r=g\",\"contentUrl\":\"https:\\\/\\\/secure.gravatar.com\\\/avatar\\\/b4cf7e0ccd6d17ef37507994d215bcced8c074f5c75abbd64bfeaa816613ebb2?s=96&d=https%3A%2F%2Fwww.intermundial.es%2Fblog%2Fwp-content%2Fthemes%2Fintermundial%2Fassets%2Fimg%2Fcropped-favicon-intermundial-1024x.png&r=g\",\"caption\":\"Patricia S\u00e1nchez\"},\"description\":\"Durante mi etapa en Intermundial, disfrut\u00e9 creando experiencias digitales que conectaran con los viajeros, desde estrategias en redes sociales hasta contenido inspirador. Como amante de los viajes y los deportes de aventura, mi meta siempre fue aportar valor pr\u00e1ctico y creativo a trav\u00e9s del blog. Aunque ya no colaboro con Intermundial, sigo aplicando mi pasi\u00f3n por el marketing digital como Digital Marketing Specialist.\",\"url\":\"https:\\\/\\\/www.intermundial.es\\\/blog\\\/autor\\\/patricia-sanchez\"}]}<\/script>\n<!-- \/ Yoast SEO plugin. -->","yoast_head_json":{"title":"Qu\u00e9 hacer en caso de p\u00e9rdida de equipaje","description":"Una de las situaciones m\u00e1s temidas por los viajeros es que no llegue el equipaje. \u00bfQu\u00e9 hacer en caso de p\u00e9rdida o retraso? \u00bfA qui\u00e9n y c\u00f3mo debemos reclamar?","robots":{"index":"index","follow":"follow","max-snippet":"max-snippet:-1","max-image-preview":"max-image-preview:large","max-video-preview":"max-video-preview:-1"},"canonical":"https:\/\/www.intermundial.es\/blog\/perdida-de-equipaje","og_locale":"es_ES","og_type":"article","og_title":"Qu\u00e9 hacer en caso de p\u00e9rdida de equipaje","og_description":"Una de las situaciones m\u00e1s temidas por los viajeros es que no llegue el equipaje. \u00bfQu\u00e9 hacer en caso de p\u00e9rdida o retraso? \u00bfA qui\u00e9n y c\u00f3mo debemos reclamar?","og_url":"https:\/\/www.intermundial.es\/blog\/perdida-de-equipaje","og_site_name":"Intr\u00e9pidos","article_published_time":"2016-08-03T00:00:00+00:00","article_modified_time":"2021-03-11T00:00:00+00:00","og_image":[{"width":1080,"height":641,"url":"https:\/\/www.intermundial.es\/blog\/wp-content\/uploads\/2026\/02\/66fdc9ea99333809c1494a4c_perdida-de-equipaje.gif","type":"image\/gif"}],"author":"Patricia S\u00e1nchez","twitter_card":"summary_large_image","twitter_misc":{"Escrito por":"Patricia S\u00e1nchez","Tiempo de lectura":"4 minutos"},"schema":{"@context":"https:\/\/schema.org","@graph":[{"@type":"Article","@id":"https:\/\/www.intermundial.es\/blog\/perdida-de-equipaje#article","isPartOf":{"@id":"https:\/\/www.intermundial.es\/blog\/perdida-de-equipaje"},"author":{"name":"Patricia S\u00e1nchez","@id":"https:\/\/www.intermundial.es\/blog\/#\/schema\/person\/828e5319de5f47baa90ee1df70b2fe9d"},"headline":"Qu\u00e9 hacer en caso de p\u00e9rdida de equipaje","datePublished":"2016-08-03T00:00:00+00:00","dateModified":"2021-03-11T00:00:00+00:00","mainEntityOfPage":{"@id":"https:\/\/www.intermundial.es\/blog\/perdida-de-equipaje"},"wordCount":885,"commentCount":0,"publisher":{"@id":"https:\/\/www.intermundial.es\/blog\/#organization"},"image":{"@id":"https:\/\/www.intermundial.es\/blog\/perdida-de-equipaje#primaryimage"},"thumbnailUrl":"https:\/\/www.intermundial.es\/blog\/wp-content\/uploads\/2026\/02\/66fdc9ea99333809c1494a4c_perdida-de-equipaje.gif","articleSection":["Consejos de viaje"],"inLanguage":"es","potentialAction":[{"@type":"CommentAction","name":"Comment","target":["https:\/\/www.intermundial.es\/blog\/perdida-de-equipaje#respond"]}]},{"@type":"WebPage","@id":"https:\/\/www.intermundial.es\/blog\/perdida-de-equipaje","url":"https:\/\/www.intermundial.es\/blog\/perdida-de-equipaje","name":"Qu\u00e9 hacer en caso de p\u00e9rdida de equipaje","isPartOf":{"@id":"https:\/\/www.intermundial.es\/blog\/#website"},"primaryImageOfPage":{"@id":"https:\/\/www.intermundial.es\/blog\/perdida-de-equipaje#primaryimage"},"image":{"@id":"https:\/\/www.intermundial.es\/blog\/perdida-de-equipaje#primaryimage"},"thumbnailUrl":"https:\/\/www.intermundial.es\/blog\/wp-content\/uploads\/2026\/02\/66fdc9ea99333809c1494a4c_perdida-de-equipaje.gif","datePublished":"2016-08-03T00:00:00+00:00","dateModified":"2021-03-11T00:00:00+00:00","description":"Una de las situaciones m\u00e1s temidas por los viajeros es que no llegue el equipaje. \u00bfQu\u00e9 hacer en caso de p\u00e9rdida o retraso? \u00bfA qui\u00e9n y c\u00f3mo debemos reclamar?","breadcrumb":{"@id":"https:\/\/www.intermundial.es\/blog\/perdida-de-equipaje#breadcrumb"},"inLanguage":"es","potentialAction":[{"@type":"ReadAction","target":["https:\/\/www.intermundial.es\/blog\/perdida-de-equipaje"]}]},{"@type":"ImageObject","inLanguage":"es","@id":"https:\/\/www.intermundial.es\/blog\/perdida-de-equipaje#primaryimage","url":"https:\/\/www.intermundial.es\/blog\/wp-content\/uploads\/2026\/02\/66fdc9ea99333809c1494a4c_perdida-de-equipaje.gif","contentUrl":"https:\/\/www.intermundial.es\/blog\/wp-content\/uploads\/2026\/02\/66fdc9ea99333809c1494a4c_perdida-de-equipaje.gif","width":1080,"height":641},{"@type":"BreadcrumbList","@id":"https:\/\/www.intermundial.es\/blog\/perdida-de-equipaje#breadcrumb","itemListElement":[{"@type":"ListItem","position":1,"name":"Portada","item":"https:\/\/www.intermundial.es\/blog\/"},{"@type":"ListItem","position":2,"name":"Qu\u00e9 hacer en caso de p\u00e9rdida de equipaje"}]},{"@type":"WebSite","@id":"https:\/\/www.intermundial.es\/blog\/#website","url":"https:\/\/www.intermundial.es\/blog\/","name":"Intr\u00e9pidos","description":"El blog de viajes de Intermundial","publisher":{"@id":"https:\/\/www.intermundial.es\/blog\/#organization"},"potentialAction":[{"@type":"SearchAction","target":{"@type":"EntryPoint","urlTemplate":"https:\/\/www.intermundial.es\/blog\/?s={search_term_string}"},"query-input":{"@type":"PropertyValueSpecification","valueRequired":true,"valueName":"search_term_string"}}],"inLanguage":"es"},{"@type":"Organization","@id":"https:\/\/www.intermundial.es\/blog\/#organization","name":"Intr\u00e9pidos","url":"https:\/\/www.intermundial.es\/blog\/","logo":{"@type":"ImageObject","inLanguage":"es","@id":"https:\/\/www.intermundial.es\/blog\/#\/schema\/logo\/image\/","url":"https:\/\/www.intermundial.es\/blog\/wp-content\/uploads\/2026\/01\/logo-blog-intrepidos-intermundial-es-pt.webp","contentUrl":"https:\/\/www.intermundial.es\/blog\/wp-content\/uploads\/2026\/01\/logo-blog-intrepidos-intermundial-es-pt.webp","width":500,"height":96,"caption":"Intr\u00e9pidos"},"image":{"@id":"https:\/\/www.intermundial.es\/blog\/#\/schema\/logo\/image\/"}},{"@type":"Person","@id":"https:\/\/www.intermundial.es\/blog\/#\/schema\/person\/828e5319de5f47baa90ee1df70b2fe9d","name":"Patricia S\u00e1nchez","image":{"@type":"ImageObject","inLanguage":"es","@id":"https:\/\/secure.gravatar.com\/avatar\/b4cf7e0ccd6d17ef37507994d215bcced8c074f5c75abbd64bfeaa816613ebb2?s=96&d=https%3A%2F%2Fwww.intermundial.es%2Fblog%2Fwp-content%2Fthemes%2Fintermundial%2Fassets%2Fimg%2Fcropped-favicon-intermundial-1024x.png&r=g","url":"https:\/\/secure.gravatar.com\/avatar\/b4cf7e0ccd6d17ef37507994d215bcced8c074f5c75abbd64bfeaa816613ebb2?s=96&d=https%3A%2F%2Fwww.intermundial.es%2Fblog%2Fwp-content%2Fthemes%2Fintermundial%2Fassets%2Fimg%2Fcropped-favicon-intermundial-1024x.png&r=g","contentUrl":"https:\/\/secure.gravatar.com\/avatar\/b4cf7e0ccd6d17ef37507994d215bcced8c074f5c75abbd64bfeaa816613ebb2?s=96&d=https%3A%2F%2Fwww.intermundial.es%2Fblog%2Fwp-content%2Fthemes%2Fintermundial%2Fassets%2Fimg%2Fcropped-favicon-intermundial-1024x.png&r=g","caption":"Patricia S\u00e1nchez"},"description":"Durante mi etapa en Intermundial, disfrut\u00e9 creando experiencias digitales que conectaran con los viajeros, desde estrategias en redes sociales hasta contenido inspirador. Como amante de los viajes y los deportes de aventura, mi meta siempre fue aportar valor pr\u00e1ctico y creativo a trav\u00e9s del blog. Aunque ya no colaboro con Intermundial, sigo aplicando mi pasi\u00f3n por el marketing digital como Digital Marketing Specialist.","url":"https:\/\/www.intermundial.es\/blog\/autor\/patricia-sanchez"}]}},"_links":{"self":[{"href":"https:\/\/www.intermundial.es\/blog\/wp-json\/wp\/v2\/posts\/11428","targetHints":{"allow":["GET"]}}],"collection":[{"href":"https:\/\/www.intermundial.es\/blog\/wp-json\/wp\/v2\/posts"}],"about":[{"href":"https:\/\/www.intermundial.es\/blog\/wp-json\/wp\/v2\/types\/post"}],"author":[{"embeddable":true,"href":"https:\/\/www.intermundial.es\/blog\/wp-json\/wp\/v2\/users\/9"}],"replies":[{"embeddable":true,"href":"https:\/\/www.intermundial.es\/blog\/wp-json\/wp\/v2\/comments?post=11428"}],"version-history":[{"count":10,"href":"https:\/\/www.intermundial.es\/blog\/wp-json\/wp\/v2\/posts\/11428\/revisions"}],"predecessor-version":[{"id":22664,"href":"https:\/\/www.intermundial.es\/blog\/wp-json\/wp\/v2\/posts\/11428\/revisions\/22664"}],"wp:featuredmedia":[{"embeddable":true,"href":"https:\/\/www.intermundial.es\/blog\/wp-json\/wp\/v2\/media\/11432"}],"wp:attachment":[{"href":"https:\/\/www.intermundial.es\/blog\/wp-json\/wp\/v2\/media?parent=11428"}],"wp:term":[{"taxonomy":"category","embeddable":true,"href":"https:\/\/www.intermundial.es\/blog\/wp-json\/wp\/v2\/categories?post=11428"},{"taxonomy":"post_tag","embeddable":true,"href":"https:\/\/www.intermundial.es\/blog\/wp-json\/wp\/v2\/tags?post=11428"}],"curies":[{"name":"wp","href":"https:\/\/api.w.org\/{rel}","templated":true}]}}