{"id":11048,"date":"2014-10-08T00:00:00","date_gmt":"2014-10-08T00:00:00","guid":{"rendered":"https:\/\/dev.intermundial.bisiestodeveloper.es\/los-curiosos-origenes-de-21-palabras-del-espanol\/"},"modified":"2024-06-11T00:00:00","modified_gmt":"2024-06-11T00:00:00","slug":"los-curiosos-origenes-de-21-palabras-del-espanol","status":"publish","type":"post","link":"https:\/\/www.intermundial.es\/blog\/los-curiosos-origenes-de-21-palabras-del-espanol","title":{"rendered":"Los curiosos or\u00edgenes de 21 palabras del espa\u00f1ol"},"content":{"rendered":"\n<p class=\"wp-block-paragraph\">Muchas palabras del espa\u00f1ol son variaciones de palabras de otros idiomas, otras eran siglas en su d\u00eda y otras se inventaron para designar nuevos objetos. Aqu\u00ed os dejamos una colecci\u00f3n de palabras usadas habitualmente y cuyo origen es de lo m\u00e1s curioso.<\/p>\n\n\n\n<h2 class=\"wp-block-heading\">21 palabras en espa\u00f1ol de las que te sorprender\u00e1 el origen de su significado<\/h2>\n\n\n\n<p class=\"wp-block-paragraph\"><strong id=\"\">Siesta.<\/strong> La palabra siesta tiene una curiosa procedencia. Una de las <a href=\"https:\/\/es.wikipedia.org\/wiki\/Regla_de_San_Benito\" id=\"\" target=\"_blank\">Reglas de San Benito <\/a>consist\u00eda en guardar reposo despu\u00e9s de la \u2018sexta hora\u2019 latina, para nosotros el mediod\u00eda, que es la hora de m\u00e1s calor. Aqu\u00ed tiene su origen la palabra \u2018sextear\u2019 o \u2018guardar la sexta\u2019, que despu\u00e9s se deform\u00f3 popularmente en \u2018sestear\u2019 o \u2018guardar la siesta\u2019.<\/p>\n\n\n\n<p class=\"wp-block-paragraph\"><strong id=\"\">Restaurante.<\/strong> La palabra restaurante viene de <em id=\"\">restaurant,<\/em> que significa \u2018restaurativo\u2019. En 1765, un mesonero llamado Boulanger abri\u00f3 una casa de comidas en cuya fachada colg\u00f3 un eslogan en franc\u00e9s que en espa\u00f1ol ven\u00eda a decir: \u2018Venir a m\u00ed todos los de est\u00f3mago cansado y yo los restaurar\u00e9\u201d. Tal fue su \u00e9xito que todas las cosas de comidas pasaron a llamarse restaurants y los cocineros restauradores.<\/p>\n\n\n\n<p class=\"wp-block-paragraph\"><strong id=\"\">Santiam\u00e9n<\/strong>. Esta palabra tiene su origen en el aburrimiento, pues cuando las misas se oficiaban en lat\u00edn la gente esperaba ansiosamente la bendici\u00f3n del padre para irse lo m\u00e1s r\u00e1pido posible de la iglesia. La expresi\u00f3n de \u2018en un santiam\u00e9n\u2019 se refiere a la \u00faltima parte de la oraci\u00f3n <em id=\"\">In nomine Patris, et Filli, et Spiritus Sancti. Am\u00e9n.<\/em><\/p>\n\n\n\n<p class=\"wp-block-paragraph\"><strong id=\"\">T\u00e9<\/strong>. Esta palabra tiene su origen en China, ya que el s\u00edmbolo de esta palabra proviene de la uni\u00f3n de la palabra hierba,<em id=\"\">ch\u00e1,<\/em> y del \u00e1rbol,<em id=\"\">t\u00fa<\/em>, y en la provincia china de Fujian se pronuncia \u2018Tay\u2019, y fue all\u00ed donde los importadores de t\u00e9 en Europa, los holandeses, aprendieron a pronunciarla. Con el tiempo, la palabra \u2018tay\u2019 se convirti\u00f3 en t\u00e9 para Espa\u00f1a, <em id=\"\">tee<\/em> para los alemanes, <em id=\"\">th\u00e9<\/em> para los franceses y <em id=\"\">tea<\/em> para los ingleses.<\/p>\n\n\n\n<p class=\"wp-block-paragraph\"><strong id=\"\">Jam\u00f3n.<\/strong> Esta palabra es una evoluci\u00f3n de la palabra \u2018pierna\u2019 en la ramificaci\u00f3n francesa del lat\u00edn, es decir, de <em id=\"\">jambe<\/em> o <em id=\"\">jambon<\/em>, pero fue mucho despu\u00e9s cuando se populariz\u00f3 en Espa\u00f1a como jam\u00f3n, pues el primer escrito data de 1335. Antes de esto se refer\u00edan a este alimento como pernil, algo totalmente en desuso.<\/p>\n\n\n\n<p class=\"wp-block-paragraph\"><strong id=\"\">Esnob\/ Snob.<\/strong> A pesar de que hay varias versiones sobre su origen, se dice que tiene lugar en la elitista escuela Eton College, en Inglaterra. Seg\u00fan cuenta la historia, para diferenciar a los pocos alumnos que no eran nobles, se les calificaba con la abreviaci\u00f3n latina \u2018S.Nob\u2019 (<em id=\"\">sine nobilitate<\/em>, sin nobleza). Ahora, la palabra se utiliza para nombrar a aquellas personas que desean aparentar la pertenencia a una clase social superior.<\/p>\n\n\n\n<p class=\"wp-block-paragraph\"><strong id=\"\">Usted<\/strong>. El origen de esta palabra tiene que ver con el t\u00e9rmino \u2018vos\u2019, como sol\u00eda tratarse al Rey y otras autoridades en los siglos XVI y XVII. Cuando los espa\u00f1oles viajaron a Am\u00e9rica utilizaron el \u2018vos\u2019 en algunos pa\u00edses hispano hablantes. Al cabo del tiempo, se comenz\u00f3 a usar por las clases sociales m\u00e1s bajas y fue necesario otros t\u00e9rminos para resaltar el respeto. Ah\u00ed apareci\u00f3 en uso de \u2018vuestra merced\u2019, que deriv\u00f3 en \u2018vueced\u2019 y al final se convirti\u00f3 en \u2018Usted\u2019. Poco a poco, \u2018vos\u2019 qued\u00f3 en desuso en Espa\u00f1a.<\/p>\n\n\n\n<p class=\"wp-block-paragraph\"><strong id=\"\">Ok<\/strong>. El origen de esta palabra tiene dos versiones. Por un lado, en 1839 el peri\u00f3dico Boston Morning Post, como broma, escrib\u00eda mal las iniciales y entre par\u00e9ntesis explicaba su significado. Uno de estos fue el uso del OK, y entre par\u00e9ntesis dec\u00eda (<em id=\"\">all correct<\/em>). La otra versi\u00f3n hace referencia a \u2018cero muertos\u2019 (<em id=\"\">0 killed<\/em>), una expresi\u00f3n usada por los soldados norteamericanos cuando no hab\u00eda bajas.<\/p>\n\n\n\n<p class=\"wp-block-paragraph\"><strong id=\"\">Ojal\u00e1.<\/strong> Proviene del \u00e1rabe, como muchas palabras del espa\u00f1ol, debido a la influencia de la invasi\u00f3n musulmana en el siglo VIII. Se trata de la evoluci\u00f3n de <em id=\"\">\u2018aw \u0161\u00e1 ll\u00e1h<\/em>, que significa en \u00e1rabe \u2018si dios quiere\u2019.<\/p>\n\n\n\n<p class=\"wp-block-paragraph\"><strong id=\"\">Borracho<\/strong>. Esta palabra proviene de <em id=\"\">burra<\/em>, que en lat\u00edn significa hez o sedimento, y hace referencia a la devaluaci\u00f3n de la condici\u00f3n que tiene una persona bajo los efectos del alcohol.<strong id=\"\">Chicle<\/strong>. Curiosamente, la palabra chicle hace referencia a la ciudad donde se cre\u00f3 la primera f\u00e1brica de goma de mascar en suelo norteamericano, la peque\u00f1a ciudad de Chicle, en Colorado.<\/p>\n\n\n\n<p class=\"wp-block-paragraph\"><strong id=\"\">L\u00e1ser.<\/strong> Aunque ya est\u00e1 totalmente aceptada como palabra, lo cierto es que est\u00e1 formada por las siglas <em id=\"\">Light Amplification by Stimulated Emission of Radiation<\/em>, que significa amplificaci\u00f3n de luz estimulada por emisi\u00f3n de radiaci\u00f3n. <\/p>\n\n\n\n<p class=\"wp-block-paragraph\"><strong id=\"\">Mambr\u00fa.<\/strong> \u00bfMambr\u00fa se fue a la guerra? Parece ser que esta palabra es una deformaci\u00f3n a la hora de pronunciar el nombre del General Marlborough, del siglo XVIII. La canci\u00f3n que conocemos se hizo popular debido a que una nodriza se la cantaba a uno de los hijos de Mar\u00eda Antonieta.<strong id=\"\">Dabuten.<\/strong> A pesar de que \u00e9ste t\u00e9rmino no est\u00e1 recogido en los diccionarios oficiales s\u00ed que es utilizado, sobre todo, por j\u00f3venes. S\u00ed que se reconoce la palabra bute, que significa \u2018mucho\u2019 y junto a la preposici\u00f3n \u2018de\u2019 se utiliza para referir algo que vale mucho, de calidad. Como muchas otras palabras, su uso cotidiano hizo que se popularizara y comenzara a evolucionar en palabras similares, como \u2018debute\u2019, \u2018debuti\u2019, \u2018debuten\u2019. Hoy en d\u00eda se utiliza para decir algo que es genial.<\/p>\n\n\n\n<p class=\"wp-block-paragraph\"><strong id=\"\">Caca<\/strong>. Proviene del griego, kakos, que significa &#8216;cosa mala&#8217;.<strong id=\"\">Ol\u00e9<\/strong>. Hay muchas hip\u00f3tesis sobre el origen de esta palabra. Hay quien afirma que viene del verbo griego <em id=\"\">ololizin<\/em>, utilizado como grito de j\u00fabilo. Otros dicen que viene de la Biblia, cuando Jacob es enga\u00f1ado en su boda con Raquel, pues la gente intentaba avisarle de que se trataba de Lea y no de su amada, diciendo \u00a1Oh, Lea! Pero la hip\u00f3tesis m\u00e1s extendida tiene que ver con el \u00e1rabe con la expresi\u00f3n <em id=\"\">Allah<\/em> (Oh, Dios). La RAE, por otra parte, recoge que \u00a1ol\u00e9! proviene de la exclamaci\u00f3n \u00e1rabe <em id=\"\">Wa-(a) llah<\/em> (\u00a1Por Dios!), una exclamaci\u00f3n de entusiasmo ante una belleza o alegr\u00eda sorprendente o excesiva. En el idioma \u00e1rabe, no existe la vocal \u201ce\u201d y, en ocasiones, la vocal \u201ca\u201d suena parecido a la \u201ce\u201d.<\/p>\n\n\n\n<p class=\"wp-block-paragraph\"><strong id=\"\">Bid\u00e9.<\/strong> \u00bfDudas de c\u00f3mo se utiliza \u00e9ste accesorio del ba\u00f1o? Pues quiz\u00e1s su origen te d\u00e9 alguna pista. Esta palabra viene del franc\u00e9s <em id=\"\">bidet<\/em>, que significa caballito.<\/p>\n\n\n\n<p class=\"wp-block-paragraph\"><strong id=\"\">Ch\u00e1ndal.<\/strong> Esta palabra com\u00fan tambi\u00e9n viene del franc\u00e9s, <em id=\"\">chandail<\/em>, que hace referencia al jersey utilizado por los los vendedores de verdura.<strong id=\"\">Macarr\u00f3n.<\/strong> Curiosamente, esta palabra proviene del italiano <em id=\"\">maccarone<\/em> y \u00e9ste a su vez del griego <em id=\"\">\u03bc\u03b1\u03ba\u03b1\u03c1\u03ce\u03bd\u03b5\u03b9\u03b1,<\/em> es decir, \u2018comida funeraria\u2019.<\/p>\n\n\n\n<p class=\"wp-block-paragraph\"><strong id=\"\">Trabajar<\/strong>. \u00bfEs para ti trabajar un suplicio? Lo curioso es que as\u00ed lo ve\u00edan antiguamente, pues la palabra viene del lat\u00edn vulgar <em id=\"\">tripaliare,<\/em> un instrumento de tortura compuesto por tres palos de madera.<strong id=\"\">Guiri<\/strong>. \u00c9ste t\u00e9rmino es utilizado para designar a los turistas podr\u00eda venir de la palabra guiri-gay, un vocablo que alude a un lenguaje dif\u00edcil de entender. Sin embargo, hay quien dice que es debido a los primeros turistas extranjeros que vinieron a Espa\u00f1a, pues \u00e9stos preguntaban <em id=\"\">\u2018Where is\u2026?\u2019<\/em> y por ello se ganaron el t\u00e9rmino de guiris. <\/p>\n\n\n\n<p class=\"wp-block-paragraph\">En <strong id=\"\">InterMundial<\/strong> cuidamos cada peque\u00f1o detalle en nuestros <a href=\"https:\/\/www.intermundial.es\/seguros-de-viaje\/seguro-totaltravel\" id=\"\"><strong id=\"\">seguros de viaje<\/strong><\/a> para que se adapten a al m\u00e1ximo a tu viaje. En funci\u00f3n del tipo de viaje, cada viajero tiene unas necesidades diferentes, de ah\u00ed que contemos con diversos tipos de seguros de viaje, cada uno con las coberturas m\u00e1s adecuadas para los diferentes tipos de viajeros: los que viajan por turismo, los que practican deportes, los que hacen negocios, los que estudian en el extranjero, los que viajan con mascota&#8230;<\/p>\n\n\n\n<p class=\"wp-block-paragraph\"><a href=\"https:\/\/www.intermundial.es\/longforms\/diez-motivos-por-los-que-necesitas-un-seguro-de-viaje\" id=\"\">DESCUBRE POR QU\u00c9 NECESITAS UN SEGURO DE VIAJE<\/a><\/p>\n\n\n\n<figure class=\"wp-block-image aligncenter\"><img decoding=\"async\" src=\"https:\/\/dev.intermundial.bisiestodeveloper.es\/wp-content\/uploads\/2026\/02\/66fdc2e1c1c5af25bb70fb7d_requisitos-de-viaje-blog.png\" alt=\"Mapa de requisitos para viajar Intermundial\" class=\"wp-image-31917\"\/><figcaption class=\"wp-element-caption\"><br><br><p> Mapa de requisitos para viajar Intermundial<\/p><\/figcaption><\/figure>\n","protected":false},"excerpt":{"rendered":"<p>\u00bfAlguna vez te has preguntado c\u00f3mo surgen las palabras? A pesar de que el espa\u00f1ol tiene como origen \u00a0el lat\u00edn vulgar, no todas surgen as\u00ed.<\/p>\n","protected":false},"author":9,"featured_media":11050,"comment_status":"open","ping_status":"open","sticky":false,"template":"","format":"standard","meta":{"_acf_changed":false,"im_post_views":340,"im_post_updated_override":"Tue Jun 11 2024 00:00:00 GMT+0000 (Coordinated Universal Time)","footnotes":""},"categories":[27],"tags":[],"class_list":["post-11048","post","type-post","status-publish","format-standard","has-post-thumbnail","hentry","category-viajeros"],"acf":[],"yoast_head":"<!-- This site is optimized with the Yoast SEO plugin v28.2 - https:\/\/yoast.com\/product\/yoast-seo-wordpress\/ -->\n<title>Los curiosos or\u00edgenes de 21 palabras del espa\u00f1ol<\/title>\n<meta name=\"description\" content=\"\u00bfAlguna vez te has preguntado c\u00f3mo surgen las palabras? A pesar de que el espa\u00f1ol tiene como origen \u00a0el lat\u00edn vulgar, no todas surgen as\u00ed.\" \/>\n<meta name=\"robots\" content=\"index, follow, max-snippet:-1, max-image-preview:large, max-video-preview:-1\" \/>\n<link rel=\"canonical\" href=\"https:\/\/www.intermundial.es\/blog\/los-curiosos-origenes-de-21-palabras-del-espanol\" \/>\n<meta property=\"og:locale\" content=\"es_ES\" \/>\n<meta property=\"og:type\" content=\"article\" \/>\n<meta property=\"og:title\" content=\"Los curiosos or\u00edgenes de 21 palabras del espa\u00f1ol\" \/>\n<meta property=\"og:description\" content=\"\u00bfAlguna vez te has preguntado c\u00f3mo surgen las palabras? A pesar de que el espa\u00f1ol tiene como origen \u00a0el lat\u00edn vulgar, no todas surgen as\u00ed.\" \/>\n<meta property=\"og:url\" content=\"https:\/\/www.intermundial.es\/blog\/los-curiosos-origenes-de-21-palabras-del-espanol\" \/>\n<meta property=\"og:site_name\" content=\"Intr\u00e9pidos\" \/>\n<meta property=\"article:published_time\" content=\"2014-10-08T00:00:00+00:00\" \/>\n<meta property=\"article:modified_time\" content=\"2024-06-11T00:00:00+00:00\" \/>\n<meta property=\"og:image\" content=\"https:\/\/www.intermundial.es\/blog\/wp-content\/uploads\/2026\/02\/66fdc9bb2eb019e430fc11cb_escritura.gif\" \/>\n\t<meta property=\"og:image:width\" content=\"1080\" \/>\n\t<meta property=\"og:image:height\" content=\"710\" \/>\n\t<meta property=\"og:image:type\" content=\"image\/gif\" \/>\n<meta name=\"author\" content=\"Patricia S\u00e1nchez\" \/>\n<meta name=\"twitter:card\" content=\"summary_large_image\" \/>\n<meta name=\"twitter:label1\" content=\"Escrito por\" \/>\n\t<meta name=\"twitter:data1\" content=\"Patricia S\u00e1nchez\" \/>\n\t<meta name=\"twitter:label2\" content=\"Tiempo de lectura\" \/>\n\t<meta name=\"twitter:data2\" content=\"7 minutos\" \/>\n<script type=\"application\/ld+json\" class=\"yoast-schema-graph\">{\"@context\":\"https:\\\/\\\/schema.org\",\"@graph\":[{\"@type\":\"Article\",\"@id\":\"https:\\\/\\\/www.intermundial.es\\\/blog\\\/los-curiosos-origenes-de-21-palabras-del-espanol#article\",\"isPartOf\":{\"@id\":\"https:\\\/\\\/www.intermundial.es\\\/blog\\\/los-curiosos-origenes-de-21-palabras-del-espanol\"},\"author\":{\"name\":\"Patricia S\u00e1nchez\",\"@id\":\"https:\\\/\\\/www.intermundial.es\\\/blog\\\/#\\\/schema\\\/person\\\/828e5319de5f47baa90ee1df70b2fe9d\"},\"headline\":\"Los curiosos or\u00edgenes de 21 palabras del espa\u00f1ol\",\"datePublished\":\"2014-10-08T00:00:00+00:00\",\"dateModified\":\"2024-06-11T00:00:00+00:00\",\"mainEntityOfPage\":{\"@id\":\"https:\\\/\\\/www.intermundial.es\\\/blog\\\/los-curiosos-origenes-de-21-palabras-del-espanol\"},\"wordCount\":1353,\"commentCount\":0,\"publisher\":{\"@id\":\"https:\\\/\\\/www.intermundial.es\\\/blog\\\/#organization\"},\"image\":{\"@id\":\"https:\\\/\\\/www.intermundial.es\\\/blog\\\/los-curiosos-origenes-de-21-palabras-del-espanol#primaryimage\"},\"thumbnailUrl\":\"https:\\\/\\\/www.intermundial.es\\\/blog\\\/wp-content\\\/uploads\\\/2026\\\/02\\\/66fdc9bb2eb019e430fc11cb_escritura.gif\",\"articleSection\":[\"Viajeros\"],\"inLanguage\":\"es\",\"potentialAction\":[{\"@type\":\"CommentAction\",\"name\":\"Comment\",\"target\":[\"https:\\\/\\\/www.intermundial.es\\\/blog\\\/los-curiosos-origenes-de-21-palabras-del-espanol#respond\"]}]},{\"@type\":\"WebPage\",\"@id\":\"https:\\\/\\\/www.intermundial.es\\\/blog\\\/los-curiosos-origenes-de-21-palabras-del-espanol\",\"url\":\"https:\\\/\\\/www.intermundial.es\\\/blog\\\/los-curiosos-origenes-de-21-palabras-del-espanol\",\"name\":\"Los curiosos or\u00edgenes de 21 palabras del espa\u00f1ol\",\"isPartOf\":{\"@id\":\"https:\\\/\\\/www.intermundial.es\\\/blog\\\/#website\"},\"primaryImageOfPage\":{\"@id\":\"https:\\\/\\\/www.intermundial.es\\\/blog\\\/los-curiosos-origenes-de-21-palabras-del-espanol#primaryimage\"},\"image\":{\"@id\":\"https:\\\/\\\/www.intermundial.es\\\/blog\\\/los-curiosos-origenes-de-21-palabras-del-espanol#primaryimage\"},\"thumbnailUrl\":\"https:\\\/\\\/www.intermundial.es\\\/blog\\\/wp-content\\\/uploads\\\/2026\\\/02\\\/66fdc9bb2eb019e430fc11cb_escritura.gif\",\"datePublished\":\"2014-10-08T00:00:00+00:00\",\"dateModified\":\"2024-06-11T00:00:00+00:00\",\"description\":\"\u00bfAlguna vez te has preguntado c\u00f3mo surgen las palabras? A pesar de que el espa\u00f1ol tiene como origen \u00a0el lat\u00edn vulgar, no todas surgen as\u00ed.\",\"breadcrumb\":{\"@id\":\"https:\\\/\\\/www.intermundial.es\\\/blog\\\/los-curiosos-origenes-de-21-palabras-del-espanol#breadcrumb\"},\"inLanguage\":\"es\",\"potentialAction\":[{\"@type\":\"ReadAction\",\"target\":[\"https:\\\/\\\/www.intermundial.es\\\/blog\\\/los-curiosos-origenes-de-21-palabras-del-espanol\"]}]},{\"@type\":\"ImageObject\",\"inLanguage\":\"es\",\"@id\":\"https:\\\/\\\/www.intermundial.es\\\/blog\\\/los-curiosos-origenes-de-21-palabras-del-espanol#primaryimage\",\"url\":\"https:\\\/\\\/www.intermundial.es\\\/blog\\\/wp-content\\\/uploads\\\/2026\\\/02\\\/66fdc9bb2eb019e430fc11cb_escritura.gif\",\"contentUrl\":\"https:\\\/\\\/www.intermundial.es\\\/blog\\\/wp-content\\\/uploads\\\/2026\\\/02\\\/66fdc9bb2eb019e430fc11cb_escritura.gif\",\"width\":1080,\"height\":710},{\"@type\":\"BreadcrumbList\",\"@id\":\"https:\\\/\\\/www.intermundial.es\\\/blog\\\/los-curiosos-origenes-de-21-palabras-del-espanol#breadcrumb\",\"itemListElement\":[{\"@type\":\"ListItem\",\"position\":1,\"name\":\"Portada\",\"item\":\"https:\\\/\\\/www.intermundial.es\\\/blog\\\/\"},{\"@type\":\"ListItem\",\"position\":2,\"name\":\"Los curiosos or\u00edgenes de 21 palabras del espa\u00f1ol\"}]},{\"@type\":\"WebSite\",\"@id\":\"https:\\\/\\\/www.intermundial.es\\\/blog\\\/#website\",\"url\":\"https:\\\/\\\/www.intermundial.es\\\/blog\\\/\",\"name\":\"Intr\u00e9pidos\",\"description\":\"El blog de viajes de Intermundial\",\"publisher\":{\"@id\":\"https:\\\/\\\/www.intermundial.es\\\/blog\\\/#organization\"},\"potentialAction\":[{\"@type\":\"SearchAction\",\"target\":{\"@type\":\"EntryPoint\",\"urlTemplate\":\"https:\\\/\\\/www.intermundial.es\\\/blog\\\/?s={search_term_string}\"},\"query-input\":{\"@type\":\"PropertyValueSpecification\",\"valueRequired\":true,\"valueName\":\"search_term_string\"}}],\"inLanguage\":\"es\"},{\"@type\":\"Organization\",\"@id\":\"https:\\\/\\\/www.intermundial.es\\\/blog\\\/#organization\",\"name\":\"Intr\u00e9pidos\",\"url\":\"https:\\\/\\\/www.intermundial.es\\\/blog\\\/\",\"logo\":{\"@type\":\"ImageObject\",\"inLanguage\":\"es\",\"@id\":\"https:\\\/\\\/www.intermundial.es\\\/blog\\\/#\\\/schema\\\/logo\\\/image\\\/\",\"url\":\"https:\\\/\\\/www.intermundial.es\\\/blog\\\/wp-content\\\/uploads\\\/2026\\\/01\\\/logo-blog-intrepidos-intermundial-es-pt.webp\",\"contentUrl\":\"https:\\\/\\\/www.intermundial.es\\\/blog\\\/wp-content\\\/uploads\\\/2026\\\/01\\\/logo-blog-intrepidos-intermundial-es-pt.webp\",\"width\":500,\"height\":96,\"caption\":\"Intr\u00e9pidos\"},\"image\":{\"@id\":\"https:\\\/\\\/www.intermundial.es\\\/blog\\\/#\\\/schema\\\/logo\\\/image\\\/\"}},{\"@type\":\"Person\",\"@id\":\"https:\\\/\\\/www.intermundial.es\\\/blog\\\/#\\\/schema\\\/person\\\/828e5319de5f47baa90ee1df70b2fe9d\",\"name\":\"Patricia S\u00e1nchez\",\"image\":{\"@type\":\"ImageObject\",\"inLanguage\":\"es\",\"@id\":\"https:\\\/\\\/secure.gravatar.com\\\/avatar\\\/b4cf7e0ccd6d17ef37507994d215bcced8c074f5c75abbd64bfeaa816613ebb2?s=96&d=https%3A%2F%2Fwww.intermundial.es%2Fblog%2Fwp-content%2Fthemes%2Fintermundial%2Fassets%2Fimg%2Fcropped-favicon-intermundial-1024x.png&r=g\",\"url\":\"https:\\\/\\\/secure.gravatar.com\\\/avatar\\\/b4cf7e0ccd6d17ef37507994d215bcced8c074f5c75abbd64bfeaa816613ebb2?s=96&d=https%3A%2F%2Fwww.intermundial.es%2Fblog%2Fwp-content%2Fthemes%2Fintermundial%2Fassets%2Fimg%2Fcropped-favicon-intermundial-1024x.png&r=g\",\"contentUrl\":\"https:\\\/\\\/secure.gravatar.com\\\/avatar\\\/b4cf7e0ccd6d17ef37507994d215bcced8c074f5c75abbd64bfeaa816613ebb2?s=96&d=https%3A%2F%2Fwww.intermundial.es%2Fblog%2Fwp-content%2Fthemes%2Fintermundial%2Fassets%2Fimg%2Fcropped-favicon-intermundial-1024x.png&r=g\",\"caption\":\"Patricia S\u00e1nchez\"},\"description\":\"Durante mi etapa en Intermundial, disfrut\u00e9 creando experiencias digitales que conectaran con los viajeros, desde estrategias en redes sociales hasta contenido inspirador. Como amante de los viajes y los deportes de aventura, mi meta siempre fue aportar valor pr\u00e1ctico y creativo a trav\u00e9s del blog. Aunque ya no colaboro con Intermundial, sigo aplicando mi pasi\u00f3n por el marketing digital como Digital Marketing Specialist.\",\"url\":\"https:\\\/\\\/www.intermundial.es\\\/blog\\\/autor\\\/patricia-sanchez\"}]}<\/script>\n<!-- \/ Yoast SEO plugin. -->","yoast_head_json":{"title":"Los curiosos or\u00edgenes de 21 palabras del espa\u00f1ol","description":"\u00bfAlguna vez te has preguntado c\u00f3mo surgen las palabras? A pesar de que el espa\u00f1ol tiene como origen \u00a0el lat\u00edn vulgar, no todas surgen as\u00ed.","robots":{"index":"index","follow":"follow","max-snippet":"max-snippet:-1","max-image-preview":"max-image-preview:large","max-video-preview":"max-video-preview:-1"},"canonical":"https:\/\/www.intermundial.es\/blog\/los-curiosos-origenes-de-21-palabras-del-espanol","og_locale":"es_ES","og_type":"article","og_title":"Los curiosos or\u00edgenes de 21 palabras del espa\u00f1ol","og_description":"\u00bfAlguna vez te has preguntado c\u00f3mo surgen las palabras? A pesar de que el espa\u00f1ol tiene como origen \u00a0el lat\u00edn vulgar, no todas surgen as\u00ed.","og_url":"https:\/\/www.intermundial.es\/blog\/los-curiosos-origenes-de-21-palabras-del-espanol","og_site_name":"Intr\u00e9pidos","article_published_time":"2014-10-08T00:00:00+00:00","article_modified_time":"2024-06-11T00:00:00+00:00","og_image":[{"width":1080,"height":710,"url":"https:\/\/www.intermundial.es\/blog\/wp-content\/uploads\/2026\/02\/66fdc9bb2eb019e430fc11cb_escritura.gif","type":"image\/gif"}],"author":"Patricia S\u00e1nchez","twitter_card":"summary_large_image","twitter_misc":{"Escrito por":"Patricia S\u00e1nchez","Tiempo de lectura":"7 minutos"},"schema":{"@context":"https:\/\/schema.org","@graph":[{"@type":"Article","@id":"https:\/\/www.intermundial.es\/blog\/los-curiosos-origenes-de-21-palabras-del-espanol#article","isPartOf":{"@id":"https:\/\/www.intermundial.es\/blog\/los-curiosos-origenes-de-21-palabras-del-espanol"},"author":{"name":"Patricia S\u00e1nchez","@id":"https:\/\/www.intermundial.es\/blog\/#\/schema\/person\/828e5319de5f47baa90ee1df70b2fe9d"},"headline":"Los curiosos or\u00edgenes de 21 palabras del espa\u00f1ol","datePublished":"2014-10-08T00:00:00+00:00","dateModified":"2024-06-11T00:00:00+00:00","mainEntityOfPage":{"@id":"https:\/\/www.intermundial.es\/blog\/los-curiosos-origenes-de-21-palabras-del-espanol"},"wordCount":1353,"commentCount":0,"publisher":{"@id":"https:\/\/www.intermundial.es\/blog\/#organization"},"image":{"@id":"https:\/\/www.intermundial.es\/blog\/los-curiosos-origenes-de-21-palabras-del-espanol#primaryimage"},"thumbnailUrl":"https:\/\/www.intermundial.es\/blog\/wp-content\/uploads\/2026\/02\/66fdc9bb2eb019e430fc11cb_escritura.gif","articleSection":["Viajeros"],"inLanguage":"es","potentialAction":[{"@type":"CommentAction","name":"Comment","target":["https:\/\/www.intermundial.es\/blog\/los-curiosos-origenes-de-21-palabras-del-espanol#respond"]}]},{"@type":"WebPage","@id":"https:\/\/www.intermundial.es\/blog\/los-curiosos-origenes-de-21-palabras-del-espanol","url":"https:\/\/www.intermundial.es\/blog\/los-curiosos-origenes-de-21-palabras-del-espanol","name":"Los curiosos or\u00edgenes de 21 palabras del espa\u00f1ol","isPartOf":{"@id":"https:\/\/www.intermundial.es\/blog\/#website"},"primaryImageOfPage":{"@id":"https:\/\/www.intermundial.es\/blog\/los-curiosos-origenes-de-21-palabras-del-espanol#primaryimage"},"image":{"@id":"https:\/\/www.intermundial.es\/blog\/los-curiosos-origenes-de-21-palabras-del-espanol#primaryimage"},"thumbnailUrl":"https:\/\/www.intermundial.es\/blog\/wp-content\/uploads\/2026\/02\/66fdc9bb2eb019e430fc11cb_escritura.gif","datePublished":"2014-10-08T00:00:00+00:00","dateModified":"2024-06-11T00:00:00+00:00","description":"\u00bfAlguna vez te has preguntado c\u00f3mo surgen las palabras? A pesar de que el espa\u00f1ol tiene como origen \u00a0el lat\u00edn vulgar, no todas surgen as\u00ed.","breadcrumb":{"@id":"https:\/\/www.intermundial.es\/blog\/los-curiosos-origenes-de-21-palabras-del-espanol#breadcrumb"},"inLanguage":"es","potentialAction":[{"@type":"ReadAction","target":["https:\/\/www.intermundial.es\/blog\/los-curiosos-origenes-de-21-palabras-del-espanol"]}]},{"@type":"ImageObject","inLanguage":"es","@id":"https:\/\/www.intermundial.es\/blog\/los-curiosos-origenes-de-21-palabras-del-espanol#primaryimage","url":"https:\/\/www.intermundial.es\/blog\/wp-content\/uploads\/2026\/02\/66fdc9bb2eb019e430fc11cb_escritura.gif","contentUrl":"https:\/\/www.intermundial.es\/blog\/wp-content\/uploads\/2026\/02\/66fdc9bb2eb019e430fc11cb_escritura.gif","width":1080,"height":710},{"@type":"BreadcrumbList","@id":"https:\/\/www.intermundial.es\/blog\/los-curiosos-origenes-de-21-palabras-del-espanol#breadcrumb","itemListElement":[{"@type":"ListItem","position":1,"name":"Portada","item":"https:\/\/www.intermundial.es\/blog\/"},{"@type":"ListItem","position":2,"name":"Los curiosos or\u00edgenes de 21 palabras del espa\u00f1ol"}]},{"@type":"WebSite","@id":"https:\/\/www.intermundial.es\/blog\/#website","url":"https:\/\/www.intermundial.es\/blog\/","name":"Intr\u00e9pidos","description":"El blog de viajes de Intermundial","publisher":{"@id":"https:\/\/www.intermundial.es\/blog\/#organization"},"potentialAction":[{"@type":"SearchAction","target":{"@type":"EntryPoint","urlTemplate":"https:\/\/www.intermundial.es\/blog\/?s={search_term_string}"},"query-input":{"@type":"PropertyValueSpecification","valueRequired":true,"valueName":"search_term_string"}}],"inLanguage":"es"},{"@type":"Organization","@id":"https:\/\/www.intermundial.es\/blog\/#organization","name":"Intr\u00e9pidos","url":"https:\/\/www.intermundial.es\/blog\/","logo":{"@type":"ImageObject","inLanguage":"es","@id":"https:\/\/www.intermundial.es\/blog\/#\/schema\/logo\/image\/","url":"https:\/\/www.intermundial.es\/blog\/wp-content\/uploads\/2026\/01\/logo-blog-intrepidos-intermundial-es-pt.webp","contentUrl":"https:\/\/www.intermundial.es\/blog\/wp-content\/uploads\/2026\/01\/logo-blog-intrepidos-intermundial-es-pt.webp","width":500,"height":96,"caption":"Intr\u00e9pidos"},"image":{"@id":"https:\/\/www.intermundial.es\/blog\/#\/schema\/logo\/image\/"}},{"@type":"Person","@id":"https:\/\/www.intermundial.es\/blog\/#\/schema\/person\/828e5319de5f47baa90ee1df70b2fe9d","name":"Patricia S\u00e1nchez","image":{"@type":"ImageObject","inLanguage":"es","@id":"https:\/\/secure.gravatar.com\/avatar\/b4cf7e0ccd6d17ef37507994d215bcced8c074f5c75abbd64bfeaa816613ebb2?s=96&d=https%3A%2F%2Fwww.intermundial.es%2Fblog%2Fwp-content%2Fthemes%2Fintermundial%2Fassets%2Fimg%2Fcropped-favicon-intermundial-1024x.png&r=g","url":"https:\/\/secure.gravatar.com\/avatar\/b4cf7e0ccd6d17ef37507994d215bcced8c074f5c75abbd64bfeaa816613ebb2?s=96&d=https%3A%2F%2Fwww.intermundial.es%2Fblog%2Fwp-content%2Fthemes%2Fintermundial%2Fassets%2Fimg%2Fcropped-favicon-intermundial-1024x.png&r=g","contentUrl":"https:\/\/secure.gravatar.com\/avatar\/b4cf7e0ccd6d17ef37507994d215bcced8c074f5c75abbd64bfeaa816613ebb2?s=96&d=https%3A%2F%2Fwww.intermundial.es%2Fblog%2Fwp-content%2Fthemes%2Fintermundial%2Fassets%2Fimg%2Fcropped-favicon-intermundial-1024x.png&r=g","caption":"Patricia S\u00e1nchez"},"description":"Durante mi etapa en Intermundial, disfrut\u00e9 creando experiencias digitales que conectaran con los viajeros, desde estrategias en redes sociales hasta contenido inspirador. Como amante de los viajes y los deportes de aventura, mi meta siempre fue aportar valor pr\u00e1ctico y creativo a trav\u00e9s del blog. Aunque ya no colaboro con Intermundial, sigo aplicando mi pasi\u00f3n por el marketing digital como Digital Marketing Specialist.","url":"https:\/\/www.intermundial.es\/blog\/autor\/patricia-sanchez"}]}},"_links":{"self":[{"href":"https:\/\/www.intermundial.es\/blog\/wp-json\/wp\/v2\/posts\/11048","targetHints":{"allow":["GET"]}}],"collection":[{"href":"https:\/\/www.intermundial.es\/blog\/wp-json\/wp\/v2\/posts"}],"about":[{"href":"https:\/\/www.intermundial.es\/blog\/wp-json\/wp\/v2\/types\/post"}],"author":[{"embeddable":true,"href":"https:\/\/www.intermundial.es\/blog\/wp-json\/wp\/v2\/users\/9"}],"replies":[{"embeddable":true,"href":"https:\/\/www.intermundial.es\/blog\/wp-json\/wp\/v2\/comments?post=11048"}],"version-history":[{"count":12,"href":"https:\/\/www.intermundial.es\/blog\/wp-json\/wp\/v2\/posts\/11048\/revisions"}],"predecessor-version":[{"id":22139,"href":"https:\/\/www.intermundial.es\/blog\/wp-json\/wp\/v2\/posts\/11048\/revisions\/22139"}],"wp:featuredmedia":[{"embeddable":true,"href":"https:\/\/www.intermundial.es\/blog\/wp-json\/wp\/v2\/media\/11050"}],"wp:attachment":[{"href":"https:\/\/www.intermundial.es\/blog\/wp-json\/wp\/v2\/media?parent=11048"}],"wp:term":[{"taxonomy":"category","embeddable":true,"href":"https:\/\/www.intermundial.es\/blog\/wp-json\/wp\/v2\/categories?post=11048"},{"taxonomy":"post_tag","embeddable":true,"href":"https:\/\/www.intermundial.es\/blog\/wp-json\/wp\/v2\/tags?post=11048"}],"curies":[{"name":"wp","href":"https:\/\/api.w.org\/{rel}","templated":true}]}}