{"id":10240,"date":"2015-04-14T00:00:00","date_gmt":"2015-04-14T00:00:00","guid":{"rendered":"https:\/\/dev.intermundial.bisiestodeveloper.es\/entrevistamos-a-sara-blogger-de-mindful-travel\/"},"modified":"2024-06-11T00:00:00","modified_gmt":"2024-06-11T00:00:00","slug":"entrevistamos-a-sara-blogger-de-mindful-travel","status":"publish","type":"post","link":"https:\/\/www.intermundial.es\/blog\/entrevistamos-a-sara-blogger-de-mindful-travel","title":{"rendered":"Entrevistamos a&#8230; Sara, blogger de Mindful Travel"},"content":{"rendered":"\n<p class=\"wp-block-paragraph\">Sara es una viajera nata. Comenz\u00f3 a viajar cuando era peque\u00f1a y desde entonces no ha parado. En su blog, Mindful Travel, comparte sus experiencias, los diferentes itinerarios que realiza e informaci\u00f3n interesante para personas que, como ella, tienen pasi\u00f3n por los viajes. <a href=\"https:\/\/www.mindfultravelbysara.com\" target=\"_blank\" rel=\"noreferrer noopener\"><strong id=\"\">Mindful Travel<\/strong><\/a> es un blog de viajes de gran relevancia en la blogosfera de Espa\u00f1a, tanto que Sara ya tiene m\u00e1s de 11.000 seguidores en Twitter. Y es que, esta viajera, adem\u00e1s de viajar, escribir en su blog y por supuesto, trabajar, tambi\u00e9n es fundadora de la revista de viajes <a href=\"https:\/\/www.kaleidoskopetravel.com\" target=\"_blank\" rel=\"noreferrer noopener\"><strong id=\"\">Kaleidoskope Travel<\/strong><\/a> y socia fundadora de la Asociaci\u00f3n de Bloggers de Madrid.<\/p>\n\n\n\n<figure class=\"wp-block-image w-richtext-figure-type-image w-richtext-align-center\"><img decoding=\"async\" src=\"https:\/\/dev.intermundial.bisiestodeveloper.es\/wp-content\/uploads\/2026\/02\/66fdc957d18074402eb0ca78_Londres.jpeg\" alt=\"Sara en Londres\"\/><\/figure>\n\n\n\n<p class=\"wp-block-paragraph\"><strong id=\"\">En tu blog cuentas que fueron tus padres quienes te transmitieron la pasi\u00f3n por los viajes. \u00bfCu\u00e1les son los recuerdos que tienes de esos momentos?<\/strong> <\/p>\n\n\n\n<p class=\"wp-block-paragraph\">He tenido una infancia muy viajera. Desde los 6 a\u00f1os, he viajado con mis padres en caravana, recorriendo Espa\u00f1a y parte de Europa. Todos mis recuerdos son incre\u00edbles. Disfrutaba de cada viaje y mis padres me hac\u00edan ver la belleza de cada lugar, fuese un peque\u00f1o pueblo, una ciudad o un pa\u00eds entero. Siempre me cuentan que era una ni\u00f1a incansable, que siempre quer\u00eda entrar en todas partes y disfrutaba al m\u00e1ximo de nuestras vacaciones. Ahora, ya no puedo parar de viajar, y parte de ese gusanillo o virus viajero es gracias a ellos.<\/p>\n\n\n\n<p class=\"wp-block-paragraph\"><strong id=\"\">Gracias a tu blog, adem\u00e1s de servirles como inspiraci\u00f3n para tus viajes aconsejas a otros viajeros a trav\u00e9s de tus experiencias. \u00bfQu\u00e9 es lo que m\u00e1s te inspira a ti a la hora de viajar?<\/strong> <\/p>\n\n\n\n<p class=\"wp-block-paragraph\">Me inspiran las nuevas culturas, conocer gente muy diferente a m\u00ed, que vive de otra manera y tiene otra mentalidad y tradiciones. Cuando viajo, abro mi mente y mi coraz\u00f3n de tal manera que aprendo con todos los sentidos. No juzgo, experimento y me dejo llevar. Tengo obsesi\u00f3n por conocer lugares lejanos, como si en alg\u00fan momento se fuese a parar el reloj y fuese a tener tiempo para viajar a pa\u00edses que se encuentran en la otra punta del globo. Me inspiran otros viajeros. Aquellos que dejan todo para recorrer el mundo sin billete de vuelta en busca de la felicidad. Y la encuentran.<\/p>\n\n\n\n<figure class=\"wp-block-image w-richtext-figure-type-image w-richtext-align-center\"><img decoding=\"async\" src=\"https:\/\/dev.intermundial.bisiestodeveloper.es\/wp-content\/uploads\/2026\/02\/66fdc957d18074402eb0ca94_Nueva-York.jpeg\" alt=\"Sara en Nueva York\"\/><\/figure>\n\n\n\n<p class=\"wp-block-paragraph\"><strong id=\"\">Cuentas que con 18 a\u00f1os te fuiste de interrail. \u00bfQu\u00e9 es lo mejor que te llevaste de esa experiencia? \u00bfNos podr\u00edas contar alguna an\u00e9cdota?<\/strong><\/p>\n\n\n\n<p class=\"wp-block-paragraph\">Fue todo un reto. Mi primer viaje por mi cuenta, con el dinero justo, latas de comida, poca ropa y mucha ilusi\u00f3n en la mochila. Todo era nuevo, buscarnos la vida, dormir en albergues\u2026 Durante un mes conocimos una gran parte de Italia: Roma, Florencia, Pisa, Siena, G\u00e9nova, Venecia, Mil\u00e1n\u2026 Las mejores an\u00e9cdotas las vivimos pasando alguna noche en las estaciones de trenes italianas, o jugando a las cartas hasta las 4 de la ma\u00f1ana en un McDonalds, o cantando por la calle para no concentrarnos en lo que pesaba la mochila. Sin duda, un viaje inolvidable.<\/p>\n\n\n\n<figure class=\"wp-block-image w-richtext-figure-type-image w-richtext-align-center\"><img decoding=\"async\" src=\"https:\/\/dev.intermundial.bisiestodeveloper.es\/wp-content\/uploads\/2026\/02\/66fdc958d18074402eb0caeb_India-ONG1.jpeg\" alt=\"Sara durante un viaje de voluntariado en la India\"\/><\/figure>\n\n\n\n<p class=\"wp-block-paragraph\"><strong id=\"\">Adem\u00e1s, tambi\u00e9n estuviste un mes haciendo voluntariado. \u00bfQu\u00e9 es lo que te llev\u00f3 a iniciarte en esa aventura? \u00bfCu\u00e1l fue tu papel all\u00ed? \u00bfLo recomendar\u00edas?<\/strong> <\/p>\n\n\n\n<p class=\"wp-block-paragraph\">Siempre he pensado que todos debemos aportar nuestro granito de arena en el mundo en el que nos ha tocado vivir. Personalmente, me siento una privilegiada por todo lo que he tenido y tengo, y siempre me ha gustado sentirme \u00fatil. Siempre oyes que la ayuda no llega, que muchas ONG no hacen lo que dicen\u2026y yo siempre ha cre\u00eddo que esto no es as\u00ed. Y quer\u00eda aportar mi granito de arena donde pudiese. As\u00ed que me fui con una ONG a Guayaquil, en Ecuador, a un barrio muy humilde con muchos problemas sociales relacionados con la violencia tanto callejera como a mujeres y ni\u00f1os. Mi trabajo se centr\u00f3 en la educaci\u00f3n y sensibilizaci\u00f3n tanto de adultos como adolescentes. Y puedo asegurar que fue una de las experiencias m\u00e1s duras y gratificantes de mi vida. En el viaje de vuelta, me pas\u00e9 4 horas llorando en el avi\u00f3n, porque no quer\u00eda volver\u2026 Un pedacito de m\u00ed se qued\u00f3 en Guayaquil\u2026<\/p>\n\n\n\n<figure class=\"wp-block-image w-richtext-figure-type-image w-richtext-align-center\"><img decoding=\"async\" src=\"https:\/\/dev.intermundial.bisiestodeveloper.es\/wp-content\/uploads\/2026\/02\/66fdc957d18074402eb0caa4_Masai-Mara-Kenia.jpeg\" alt=\"Sara, blogger de viaje en Masai Mara, Kenia\"\/><\/figure>\n\n\n\n<p class=\"wp-block-paragraph\"><strong id=\"\">Gracias a tu trabajo tienes la oportunidad de viajar mucho. En tus viajes de trabajo, \u00bfte da tiempo a visitar un poco las ciudades?<\/strong><\/p>\n\n\n\n<p class=\"wp-block-paragraph\">\u00a1Por suerte s\u00ed! Tanto en mi anterior trabajo como auditora como siendo blogger, me han permitido conocer mucho mundo y esto muy agradecida por ello. De auditora he viajado a pa\u00edses como Brasil, Argentina, M\u00e9xico, Estados Unidos, Alemania\u2026Y en cada viaje pod\u00eda pasar los fines de semana descubriendo lugares nuevos y vivir experiencias \u00fanicas de la mano de personas del propio pa\u00eds. Es una manera perfecta para zambullirte en la cultura local y disfrutar al m\u00e1ximo de la estancia en cada destino mientras trabajaba.<\/p>\n\n\n\n<p class=\"wp-block-paragraph\"><strong id=\"\">Dices que tu pa\u00eds preferido, por el momento, es Brasil. \u00bfPor qu\u00e9 este pa\u00eds y no otro?<\/strong> <\/p>\n\n\n\n<p class=\"wp-block-paragraph\">He estado tres veces en Brasil, y es de los pocos pa\u00edses en los que vivir\u00eda, y al que volver\u00eda todos los a\u00f1os. Me enamoraron las personas, su cultura, su idioma, su gastronom\u00eda\u2026. su manera de vivir la vida, de forma relajada y disfrutando de la familia y amigos. Siempre alegres y abiertos a conocerte y ayudarte en lo que necesites. Y qu\u00e9 decir de sus ciudades, paisajes, sus playas, sus coloridos pueblos\u2026 \u00a1s\u00f3lo tengo palabras bonitas para Brasil! Es escuchar el nombre y mi mente vuela\u2026<\/p>\n\n\n\n<figure class=\"wp-block-image w-richtext-figure-type-image w-richtext-align-center\"><img decoding=\"async\" src=\"https:\/\/dev.intermundial.bisiestodeveloper.es\/wp-content\/uploads\/2026\/02\/66fdc958d18074402eb0cb39_Kiba.jpeg\" alt=\"Kiba, la perrita de Sara viaja segura\"\/><\/figure>\n\n\n\n<p class=\"wp-block-paragraph\"><strong id=\"\">\u00bfCu\u00e1l es tu experiencia viajando junto a tu perro?<\/strong> <\/p>\n\n\n\n<p class=\"wp-block-paragraph\">Es maravillosa.<strong id=\"\">Viajar con tu mascota<\/strong> y ver la conexi\u00f3n que existe entre nosotros y poder sentir c\u00f3mo disfruta de todo. Hemos viajado con \u00e9l por Espa\u00f1a, Italia y Francia y me ha sorprendido mucho lo abiertos y \u201cpet friendly\u201d que son en algunos lugares. Eso s\u00ed, los due\u00f1os de los perros tienen que dar ejemplo, y siempre limpiar todo lo que el perro ensucie, para que todos podamos viajar en armon\u00eda y en el futuro haya m\u00e1s lugares donde podamos entrar con nuestras mascotas. Tengo que decir que tambi\u00e9n es un poco frustrante. Tienes que investigar mucho antes de viajar con un perro. Saber d\u00f3nde puede entrar y d\u00f3nde no, qu\u00e9 alojamientos admiten mascotas. Si vamos a poder ir con \u00e9l a la playa y si podremos ir con \u00e9l a hacer ciertas excursiones. En Cerde\u00f1a, por ejemplo, alquilamos una zodiac para recorrer la preciosa isla de la Maddalena y no tuvimos ning\u00fan problema en llevar a Kiba con nosotros. Disfrut\u00f3 mucho tomando el sol y su cara de felicidad era visible. \u00a1Toda una experiencia! <\/p>\n\n\n\n<p class=\"wp-block-paragraph\"><strong id=\"\">\u00bfCu\u00e1l ser\u00e1 tu pr\u00f3ximo destino? \u00bfPrefieres viajar sola o acompa\u00f1ada?<\/strong><\/p>\n\n\n\n<p class=\"wp-block-paragraph\">Me encanta esta pregunta. Justo acabo de publicar un post sobre las <a href=\"https:\/\/mindfultravelbysara.com\/razones-para-viajar-solo\/\" id=\"\" target=\"_blank\"><strong id=\"\">razones para viajar solo<\/strong><\/a> al menos una vez en la vida. Es una experiencia muy gratificante, que te hace conocerte mejor y saber tus limitaciones, y que en realidad, cuando est\u00e1s solo, no le das tanta importancia a cosas negativas que puedan pasarte en un viaje. Conoces a gente nueva y haces cosas que acompa\u00f1ado por gente conocida, no har\u00edas. Pero he de reconocer que suelo viajar acompa\u00f1ada. Viajo en familia o con amigos. Me gusta compartir las experiencias con alguien, re\u00edrnos de todo lo que nos pasa, como me ocurri\u00f3 con mi \u00faltimo viaje a Marruecos con mi amiga Alicia. Mi siguiente destino ser\u00e1 el norte de Espa\u00f1a, dentro de unos d\u00edas\u2026despu\u00e9s quiz\u00e1 Londres en abril\u2026 Pero un viaje que me hace mucha ilusi\u00f3n es el que haremos en agosto, recorriendo Chicago y la costa oeste de Canad\u00e1. \u00a1Me muero de ganas!<\/p>\n\n\n\n<figure class=\"wp-block-image w-richtext-figure-type-image w-richtext-align-center\"><img decoding=\"async\" src=\"https:\/\/dev.intermundial.bisiestodeveloper.es\/wp-content\/uploads\/2026\/02\/66fdc957d18074402eb0ca74_Brasil-Aventura.jpeg\" alt=\"Sara practicando deportes de aventura en Brasil\"\/><\/figure>\n\n\n\n<p class=\"wp-block-paragraph\">Fuente: <a href=\"https:\/\/www.intermundial.es\/seguros-de-viaje\" id=\"\">InterMundial Seguros de Viaje<\/a><\/p>\n\n\n\n<figure class=\"wp-block-image aligncenter\"><img decoding=\"async\" src=\"https:\/\/dev.intermundial.bisiestodeveloper.es\/wp-content\/uploads\/2026\/02\/66fdc2e1c1c5af25bb70fb7d_requisitos-de-viaje-blog.png\" alt=\"Mapa de requisitos para viajar Intermundial\" class=\"wp-image-31917\"\/><figcaption class=\"wp-element-caption\"><p> Mapa de requisitos para viajar Intermundial<\/p><\/figcaption><\/figure>\n","protected":false},"excerpt":{"rendered":"<p>Mindful Travel es un blog que naci\u00f3 con la idea de inspirar a otras personas que, como Sara, son apasionados de los viajes y la fotograf\u00eda.<\/p>\n","protected":false},"author":9,"featured_media":10248,"comment_status":"open","ping_status":"open","sticky":false,"template":"","format":"standard","meta":{"_acf_changed":false,"im_post_views":52,"im_post_updated_override":"Tue Jun 11 2024 00:00:00 GMT+0000 (Coordinated Universal Time)","footnotes":""},"categories":[39],"tags":[],"class_list":["post-10240","post","type-post","status-publish","format-standard","has-post-thumbnail","hentry","category-imtraveller"],"acf":[],"yoast_head":"<!-- This site is optimized with the Yoast SEO plugin v28.2 - https:\/\/yoast.com\/product\/yoast-seo-wordpress\/ -->\n<title>Entrevistamos a... Sara, blogger de Mindful Travel<\/title>\n<meta name=\"description\" content=\"Mindful Travel es un blog que naci\u00f3 con la idea de inspirar a otras personas que, como Sara, son apasionados de los viajes y la fotograf\u00eda.\" \/>\n<meta name=\"robots\" content=\"index, follow, max-snippet:-1, max-image-preview:large, max-video-preview:-1\" \/>\n<link rel=\"canonical\" href=\"https:\/\/www.intermundial.es\/blog\/entrevistamos-a-sara-blogger-de-mindful-travel\" \/>\n<meta property=\"og:locale\" content=\"es_ES\" \/>\n<meta property=\"og:type\" content=\"article\" \/>\n<meta property=\"og:title\" content=\"Entrevistamos a... Sara, blogger de Mindful Travel\" \/>\n<meta property=\"og:description\" content=\"Mindful Travel es un blog que naci\u00f3 con la idea de inspirar a otras personas que, como Sara, son apasionados de los viajes y la fotograf\u00eda.\" \/>\n<meta property=\"og:url\" content=\"https:\/\/www.intermundial.es\/blog\/entrevistamos-a-sara-blogger-de-mindful-travel\" \/>\n<meta property=\"og:site_name\" content=\"Intr\u00e9pidos\" \/>\n<meta property=\"article:published_time\" content=\"2015-04-14T00:00:00+00:00\" \/>\n<meta property=\"article:modified_time\" content=\"2024-06-11T00:00:00+00:00\" \/>\n<meta property=\"og:image\" content=\"https:\/\/www.intermundial.es\/blog\/wp-content\/uploads\/2026\/02\/66fdc959d18074402eb0cc66_Brasil-Sara.jpeg\" \/>\n\t<meta property=\"og:image:width\" content=\"960\" \/>\n\t<meta property=\"og:image:height\" content=\"720\" \/>\n\t<meta property=\"og:image:type\" content=\"image\/jpeg\" \/>\n<meta name=\"author\" content=\"Patricia S\u00e1nchez\" \/>\n<meta name=\"twitter:card\" content=\"summary_large_image\" \/>\n<meta name=\"twitter:label1\" content=\"Escrito por\" \/>\n\t<meta name=\"twitter:data1\" content=\"Patricia S\u00e1nchez\" \/>\n\t<meta name=\"twitter:label2\" content=\"Tiempo de lectura\" \/>\n\t<meta name=\"twitter:data2\" content=\"7 minutos\" \/>\n<script type=\"application\/ld+json\" class=\"yoast-schema-graph\">{\"@context\":\"https:\\\/\\\/schema.org\",\"@graph\":[{\"@type\":\"Article\",\"@id\":\"https:\\\/\\\/www.intermundial.es\\\/blog\\\/entrevistamos-a-sara-blogger-de-mindful-travel#article\",\"isPartOf\":{\"@id\":\"https:\\\/\\\/www.intermundial.es\\\/blog\\\/entrevistamos-a-sara-blogger-de-mindful-travel\"},\"author\":{\"name\":\"Patricia S\u00e1nchez\",\"@id\":\"https:\\\/\\\/www.intermundial.es\\\/blog\\\/#\\\/schema\\\/person\\\/828e5319de5f47baa90ee1df70b2fe9d\"},\"headline\":\"Entrevistamos a&#8230; Sara, blogger de Mindful Travel\",\"datePublished\":\"2015-04-14T00:00:00+00:00\",\"dateModified\":\"2024-06-11T00:00:00+00:00\",\"mainEntityOfPage\":{\"@id\":\"https:\\\/\\\/www.intermundial.es\\\/blog\\\/entrevistamos-a-sara-blogger-de-mindful-travel\"},\"wordCount\":1332,\"commentCount\":0,\"publisher\":{\"@id\":\"https:\\\/\\\/www.intermundial.es\\\/blog\\\/#organization\"},\"image\":{\"@id\":\"https:\\\/\\\/www.intermundial.es\\\/blog\\\/entrevistamos-a-sara-blogger-de-mindful-travel#primaryimage\"},\"thumbnailUrl\":\"https:\\\/\\\/www.intermundial.es\\\/blog\\\/wp-content\\\/uploads\\\/2026\\\/02\\\/66fdc959d18074402eb0cc66_Brasil-Sara.jpeg\",\"articleSection\":[\"#IMtraveller\"],\"inLanguage\":\"es\",\"potentialAction\":[{\"@type\":\"CommentAction\",\"name\":\"Comment\",\"target\":[\"https:\\\/\\\/www.intermundial.es\\\/blog\\\/entrevistamos-a-sara-blogger-de-mindful-travel#respond\"]}]},{\"@type\":\"WebPage\",\"@id\":\"https:\\\/\\\/www.intermundial.es\\\/blog\\\/entrevistamos-a-sara-blogger-de-mindful-travel\",\"url\":\"https:\\\/\\\/www.intermundial.es\\\/blog\\\/entrevistamos-a-sara-blogger-de-mindful-travel\",\"name\":\"Entrevistamos a... Sara, blogger de Mindful Travel\",\"isPartOf\":{\"@id\":\"https:\\\/\\\/www.intermundial.es\\\/blog\\\/#website\"},\"primaryImageOfPage\":{\"@id\":\"https:\\\/\\\/www.intermundial.es\\\/blog\\\/entrevistamos-a-sara-blogger-de-mindful-travel#primaryimage\"},\"image\":{\"@id\":\"https:\\\/\\\/www.intermundial.es\\\/blog\\\/entrevistamos-a-sara-blogger-de-mindful-travel#primaryimage\"},\"thumbnailUrl\":\"https:\\\/\\\/www.intermundial.es\\\/blog\\\/wp-content\\\/uploads\\\/2026\\\/02\\\/66fdc959d18074402eb0cc66_Brasil-Sara.jpeg\",\"datePublished\":\"2015-04-14T00:00:00+00:00\",\"dateModified\":\"2024-06-11T00:00:00+00:00\",\"description\":\"Mindful Travel es un blog que naci\u00f3 con la idea de inspirar a otras personas que, como Sara, son apasionados de los viajes y la fotograf\u00eda.\",\"breadcrumb\":{\"@id\":\"https:\\\/\\\/www.intermundial.es\\\/blog\\\/entrevistamos-a-sara-blogger-de-mindful-travel#breadcrumb\"},\"inLanguage\":\"es\",\"potentialAction\":[{\"@type\":\"ReadAction\",\"target\":[\"https:\\\/\\\/www.intermundial.es\\\/blog\\\/entrevistamos-a-sara-blogger-de-mindful-travel\"]}]},{\"@type\":\"ImageObject\",\"inLanguage\":\"es\",\"@id\":\"https:\\\/\\\/www.intermundial.es\\\/blog\\\/entrevistamos-a-sara-blogger-de-mindful-travel#primaryimage\",\"url\":\"https:\\\/\\\/www.intermundial.es\\\/blog\\\/wp-content\\\/uploads\\\/2026\\\/02\\\/66fdc959d18074402eb0cc66_Brasil-Sara.jpeg\",\"contentUrl\":\"https:\\\/\\\/www.intermundial.es\\\/blog\\\/wp-content\\\/uploads\\\/2026\\\/02\\\/66fdc959d18074402eb0cc66_Brasil-Sara.jpeg\",\"width\":960,\"height\":720},{\"@type\":\"BreadcrumbList\",\"@id\":\"https:\\\/\\\/www.intermundial.es\\\/blog\\\/entrevistamos-a-sara-blogger-de-mindful-travel#breadcrumb\",\"itemListElement\":[{\"@type\":\"ListItem\",\"position\":1,\"name\":\"Portada\",\"item\":\"https:\\\/\\\/www.intermundial.es\\\/blog\\\/\"},{\"@type\":\"ListItem\",\"position\":2,\"name\":\"Entrevistamos a&#8230; Sara, blogger de Mindful Travel\"}]},{\"@type\":\"WebSite\",\"@id\":\"https:\\\/\\\/www.intermundial.es\\\/blog\\\/#website\",\"url\":\"https:\\\/\\\/www.intermundial.es\\\/blog\\\/\",\"name\":\"Intr\u00e9pidos\",\"description\":\"El blog de viajes de Intermundial\",\"publisher\":{\"@id\":\"https:\\\/\\\/www.intermundial.es\\\/blog\\\/#organization\"},\"potentialAction\":[{\"@type\":\"SearchAction\",\"target\":{\"@type\":\"EntryPoint\",\"urlTemplate\":\"https:\\\/\\\/www.intermundial.es\\\/blog\\\/?s={search_term_string}\"},\"query-input\":{\"@type\":\"PropertyValueSpecification\",\"valueRequired\":true,\"valueName\":\"search_term_string\"}}],\"inLanguage\":\"es\"},{\"@type\":\"Organization\",\"@id\":\"https:\\\/\\\/www.intermundial.es\\\/blog\\\/#organization\",\"name\":\"Intr\u00e9pidos\",\"url\":\"https:\\\/\\\/www.intermundial.es\\\/blog\\\/\",\"logo\":{\"@type\":\"ImageObject\",\"inLanguage\":\"es\",\"@id\":\"https:\\\/\\\/www.intermundial.es\\\/blog\\\/#\\\/schema\\\/logo\\\/image\\\/\",\"url\":\"https:\\\/\\\/www.intermundial.es\\\/blog\\\/wp-content\\\/uploads\\\/2026\\\/01\\\/logo-blog-intrepidos-intermundial-es-pt.webp\",\"contentUrl\":\"https:\\\/\\\/www.intermundial.es\\\/blog\\\/wp-content\\\/uploads\\\/2026\\\/01\\\/logo-blog-intrepidos-intermundial-es-pt.webp\",\"width\":500,\"height\":96,\"caption\":\"Intr\u00e9pidos\"},\"image\":{\"@id\":\"https:\\\/\\\/www.intermundial.es\\\/blog\\\/#\\\/schema\\\/logo\\\/image\\\/\"}},{\"@type\":\"Person\",\"@id\":\"https:\\\/\\\/www.intermundial.es\\\/blog\\\/#\\\/schema\\\/person\\\/828e5319de5f47baa90ee1df70b2fe9d\",\"name\":\"Patricia S\u00e1nchez\",\"image\":{\"@type\":\"ImageObject\",\"inLanguage\":\"es\",\"@id\":\"https:\\\/\\\/secure.gravatar.com\\\/avatar\\\/b4cf7e0ccd6d17ef37507994d215bcced8c074f5c75abbd64bfeaa816613ebb2?s=96&d=https%3A%2F%2Fwww.intermundial.es%2Fblog%2Fwp-content%2Fthemes%2Fintermundial%2Fassets%2Fimg%2Fcropped-favicon-intermundial-1024x.png&r=g\",\"url\":\"https:\\\/\\\/secure.gravatar.com\\\/avatar\\\/b4cf7e0ccd6d17ef37507994d215bcced8c074f5c75abbd64bfeaa816613ebb2?s=96&d=https%3A%2F%2Fwww.intermundial.es%2Fblog%2Fwp-content%2Fthemes%2Fintermundial%2Fassets%2Fimg%2Fcropped-favicon-intermundial-1024x.png&r=g\",\"contentUrl\":\"https:\\\/\\\/secure.gravatar.com\\\/avatar\\\/b4cf7e0ccd6d17ef37507994d215bcced8c074f5c75abbd64bfeaa816613ebb2?s=96&d=https%3A%2F%2Fwww.intermundial.es%2Fblog%2Fwp-content%2Fthemes%2Fintermundial%2Fassets%2Fimg%2Fcropped-favicon-intermundial-1024x.png&r=g\",\"caption\":\"Patricia S\u00e1nchez\"},\"description\":\"Durante mi etapa en Intermundial, disfrut\u00e9 creando experiencias digitales que conectaran con los viajeros, desde estrategias en redes sociales hasta contenido inspirador. Como amante de los viajes y los deportes de aventura, mi meta siempre fue aportar valor pr\u00e1ctico y creativo a trav\u00e9s del blog. Aunque ya no colaboro con Intermundial, sigo aplicando mi pasi\u00f3n por el marketing digital como Digital Marketing Specialist.\",\"url\":\"https:\\\/\\\/www.intermundial.es\\\/blog\\\/autor\\\/patricia-sanchez\"}]}<\/script>\n<!-- \/ Yoast SEO plugin. -->","yoast_head_json":{"title":"Entrevistamos a... Sara, blogger de Mindful Travel","description":"Mindful Travel es un blog que naci\u00f3 con la idea de inspirar a otras personas que, como Sara, son apasionados de los viajes y la fotograf\u00eda.","robots":{"index":"index","follow":"follow","max-snippet":"max-snippet:-1","max-image-preview":"max-image-preview:large","max-video-preview":"max-video-preview:-1"},"canonical":"https:\/\/www.intermundial.es\/blog\/entrevistamos-a-sara-blogger-de-mindful-travel","og_locale":"es_ES","og_type":"article","og_title":"Entrevistamos a... Sara, blogger de Mindful Travel","og_description":"Mindful Travel es un blog que naci\u00f3 con la idea de inspirar a otras personas que, como Sara, son apasionados de los viajes y la fotograf\u00eda.","og_url":"https:\/\/www.intermundial.es\/blog\/entrevistamos-a-sara-blogger-de-mindful-travel","og_site_name":"Intr\u00e9pidos","article_published_time":"2015-04-14T00:00:00+00:00","article_modified_time":"2024-06-11T00:00:00+00:00","og_image":[{"width":960,"height":720,"url":"https:\/\/www.intermundial.es\/blog\/wp-content\/uploads\/2026\/02\/66fdc959d18074402eb0cc66_Brasil-Sara.jpeg","type":"image\/jpeg"}],"author":"Patricia S\u00e1nchez","twitter_card":"summary_large_image","twitter_misc":{"Escrito por":"Patricia S\u00e1nchez","Tiempo de lectura":"7 minutos"},"schema":{"@context":"https:\/\/schema.org","@graph":[{"@type":"Article","@id":"https:\/\/www.intermundial.es\/blog\/entrevistamos-a-sara-blogger-de-mindful-travel#article","isPartOf":{"@id":"https:\/\/www.intermundial.es\/blog\/entrevistamos-a-sara-blogger-de-mindful-travel"},"author":{"name":"Patricia S\u00e1nchez","@id":"https:\/\/www.intermundial.es\/blog\/#\/schema\/person\/828e5319de5f47baa90ee1df70b2fe9d"},"headline":"Entrevistamos a&#8230; Sara, blogger de Mindful Travel","datePublished":"2015-04-14T00:00:00+00:00","dateModified":"2024-06-11T00:00:00+00:00","mainEntityOfPage":{"@id":"https:\/\/www.intermundial.es\/blog\/entrevistamos-a-sara-blogger-de-mindful-travel"},"wordCount":1332,"commentCount":0,"publisher":{"@id":"https:\/\/www.intermundial.es\/blog\/#organization"},"image":{"@id":"https:\/\/www.intermundial.es\/blog\/entrevistamos-a-sara-blogger-de-mindful-travel#primaryimage"},"thumbnailUrl":"https:\/\/www.intermundial.es\/blog\/wp-content\/uploads\/2026\/02\/66fdc959d18074402eb0cc66_Brasil-Sara.jpeg","articleSection":["#IMtraveller"],"inLanguage":"es","potentialAction":[{"@type":"CommentAction","name":"Comment","target":["https:\/\/www.intermundial.es\/blog\/entrevistamos-a-sara-blogger-de-mindful-travel#respond"]}]},{"@type":"WebPage","@id":"https:\/\/www.intermundial.es\/blog\/entrevistamos-a-sara-blogger-de-mindful-travel","url":"https:\/\/www.intermundial.es\/blog\/entrevistamos-a-sara-blogger-de-mindful-travel","name":"Entrevistamos a... Sara, blogger de Mindful Travel","isPartOf":{"@id":"https:\/\/www.intermundial.es\/blog\/#website"},"primaryImageOfPage":{"@id":"https:\/\/www.intermundial.es\/blog\/entrevistamos-a-sara-blogger-de-mindful-travel#primaryimage"},"image":{"@id":"https:\/\/www.intermundial.es\/blog\/entrevistamos-a-sara-blogger-de-mindful-travel#primaryimage"},"thumbnailUrl":"https:\/\/www.intermundial.es\/blog\/wp-content\/uploads\/2026\/02\/66fdc959d18074402eb0cc66_Brasil-Sara.jpeg","datePublished":"2015-04-14T00:00:00+00:00","dateModified":"2024-06-11T00:00:00+00:00","description":"Mindful Travel es un blog que naci\u00f3 con la idea de inspirar a otras personas que, como Sara, son apasionados de los viajes y la fotograf\u00eda.","breadcrumb":{"@id":"https:\/\/www.intermundial.es\/blog\/entrevistamos-a-sara-blogger-de-mindful-travel#breadcrumb"},"inLanguage":"es","potentialAction":[{"@type":"ReadAction","target":["https:\/\/www.intermundial.es\/blog\/entrevistamos-a-sara-blogger-de-mindful-travel"]}]},{"@type":"ImageObject","inLanguage":"es","@id":"https:\/\/www.intermundial.es\/blog\/entrevistamos-a-sara-blogger-de-mindful-travel#primaryimage","url":"https:\/\/www.intermundial.es\/blog\/wp-content\/uploads\/2026\/02\/66fdc959d18074402eb0cc66_Brasil-Sara.jpeg","contentUrl":"https:\/\/www.intermundial.es\/blog\/wp-content\/uploads\/2026\/02\/66fdc959d18074402eb0cc66_Brasil-Sara.jpeg","width":960,"height":720},{"@type":"BreadcrumbList","@id":"https:\/\/www.intermundial.es\/blog\/entrevistamos-a-sara-blogger-de-mindful-travel#breadcrumb","itemListElement":[{"@type":"ListItem","position":1,"name":"Portada","item":"https:\/\/www.intermundial.es\/blog\/"},{"@type":"ListItem","position":2,"name":"Entrevistamos a&#8230; Sara, blogger de Mindful Travel"}]},{"@type":"WebSite","@id":"https:\/\/www.intermundial.es\/blog\/#website","url":"https:\/\/www.intermundial.es\/blog\/","name":"Intr\u00e9pidos","description":"El blog de viajes de Intermundial","publisher":{"@id":"https:\/\/www.intermundial.es\/blog\/#organization"},"potentialAction":[{"@type":"SearchAction","target":{"@type":"EntryPoint","urlTemplate":"https:\/\/www.intermundial.es\/blog\/?s={search_term_string}"},"query-input":{"@type":"PropertyValueSpecification","valueRequired":true,"valueName":"search_term_string"}}],"inLanguage":"es"},{"@type":"Organization","@id":"https:\/\/www.intermundial.es\/blog\/#organization","name":"Intr\u00e9pidos","url":"https:\/\/www.intermundial.es\/blog\/","logo":{"@type":"ImageObject","inLanguage":"es","@id":"https:\/\/www.intermundial.es\/blog\/#\/schema\/logo\/image\/","url":"https:\/\/www.intermundial.es\/blog\/wp-content\/uploads\/2026\/01\/logo-blog-intrepidos-intermundial-es-pt.webp","contentUrl":"https:\/\/www.intermundial.es\/blog\/wp-content\/uploads\/2026\/01\/logo-blog-intrepidos-intermundial-es-pt.webp","width":500,"height":96,"caption":"Intr\u00e9pidos"},"image":{"@id":"https:\/\/www.intermundial.es\/blog\/#\/schema\/logo\/image\/"}},{"@type":"Person","@id":"https:\/\/www.intermundial.es\/blog\/#\/schema\/person\/828e5319de5f47baa90ee1df70b2fe9d","name":"Patricia S\u00e1nchez","image":{"@type":"ImageObject","inLanguage":"es","@id":"https:\/\/secure.gravatar.com\/avatar\/b4cf7e0ccd6d17ef37507994d215bcced8c074f5c75abbd64bfeaa816613ebb2?s=96&d=https%3A%2F%2Fwww.intermundial.es%2Fblog%2Fwp-content%2Fthemes%2Fintermundial%2Fassets%2Fimg%2Fcropped-favicon-intermundial-1024x.png&r=g","url":"https:\/\/secure.gravatar.com\/avatar\/b4cf7e0ccd6d17ef37507994d215bcced8c074f5c75abbd64bfeaa816613ebb2?s=96&d=https%3A%2F%2Fwww.intermundial.es%2Fblog%2Fwp-content%2Fthemes%2Fintermundial%2Fassets%2Fimg%2Fcropped-favicon-intermundial-1024x.png&r=g","contentUrl":"https:\/\/secure.gravatar.com\/avatar\/b4cf7e0ccd6d17ef37507994d215bcced8c074f5c75abbd64bfeaa816613ebb2?s=96&d=https%3A%2F%2Fwww.intermundial.es%2Fblog%2Fwp-content%2Fthemes%2Fintermundial%2Fassets%2Fimg%2Fcropped-favicon-intermundial-1024x.png&r=g","caption":"Patricia S\u00e1nchez"},"description":"Durante mi etapa en Intermundial, disfrut\u00e9 creando experiencias digitales que conectaran con los viajeros, desde estrategias en redes sociales hasta contenido inspirador. Como amante de los viajes y los deportes de aventura, mi meta siempre fue aportar valor pr\u00e1ctico y creativo a trav\u00e9s del blog. Aunque ya no colaboro con Intermundial, sigo aplicando mi pasi\u00f3n por el marketing digital como Digital Marketing Specialist.","url":"https:\/\/www.intermundial.es\/blog\/autor\/patricia-sanchez"}]}},"_links":{"self":[{"href":"https:\/\/www.intermundial.es\/blog\/wp-json\/wp\/v2\/posts\/10240","targetHints":{"allow":["GET"]}}],"collection":[{"href":"https:\/\/www.intermundial.es\/blog\/wp-json\/wp\/v2\/posts"}],"about":[{"href":"https:\/\/www.intermundial.es\/blog\/wp-json\/wp\/v2\/types\/post"}],"author":[{"embeddable":true,"href":"https:\/\/www.intermundial.es\/blog\/wp-json\/wp\/v2\/users\/9"}],"replies":[{"embeddable":true,"href":"https:\/\/www.intermundial.es\/blog\/wp-json\/wp\/v2\/comments?post=10240"}],"version-history":[{"count":11,"href":"https:\/\/www.intermundial.es\/blog\/wp-json\/wp\/v2\/posts\/10240\/revisions"}],"predecessor-version":[{"id":22830,"href":"https:\/\/www.intermundial.es\/blog\/wp-json\/wp\/v2\/posts\/10240\/revisions\/22830"}],"wp:featuredmedia":[{"embeddable":true,"href":"https:\/\/www.intermundial.es\/blog\/wp-json\/wp\/v2\/media\/10248"}],"wp:attachment":[{"href":"https:\/\/www.intermundial.es\/blog\/wp-json\/wp\/v2\/media?parent=10240"}],"wp:term":[{"taxonomy":"category","embeddable":true,"href":"https:\/\/www.intermundial.es\/blog\/wp-json\/wp\/v2\/categories?post=10240"},{"taxonomy":"post_tag","embeddable":true,"href":"https:\/\/www.intermundial.es\/blog\/wp-json\/wp\/v2\/tags?post=10240"}],"curies":[{"name":"wp","href":"https:\/\/api.w.org\/{rel}","templated":true}]}}